{"id":18803,"date":"2021-04-25T08:49:44","date_gmt":"2021-04-25T08:49:44","guid":{"rendered":"https:\/\/factoriacanabal.com\/?p=18803"},"modified":"2021-07-14T11:49:28","modified_gmt":"2021-07-14T11:49:28","slug":"llum-natural-entrevista-finestres-finstral","status":"publish","type":"post","link":"https:\/\/factoriacanabal.com\/ca\/llum-natural-entrevista-finestres-finstral\/","title":{"rendered":"Llum natural \/ Entrevista &#8211; Finestres Finstral"},"content":{"rendered":"<h2>&#8220;La llum natural \u00e9s un element vital&#8221;<\/h2>\n<p>&nbsp;<\/p>\n<p><i>Qu\u00e8 necessita un espai per a infondre benestar? La major quantitat possible de llum natural. Nombrosos estudis han demostrat que com m\u00e9s llumin\u00f3s \u00e9s un espai, m\u00e9s sensacions positives es transmeten. Aix\u00f2 no sorpr\u00e8n el dissenyador luminot\u00e8cnic alemany Peter Andres: al cap i a la fi, la llum \u00e9s vida. En aquesta entrevista ens compta per qu\u00e8 no es pot substituir per res la llum natural del dia i qu\u00e8 cal tenir en compte a l&#8217;hora de triar les finestres per a garantir la m\u00e0xima transmissi\u00f3 de llum en les obres noves.<\/i><\/p>\n<p>La llum del sol contribueix a crear una atmosfera de benestar. Per\u00f2, en algun per\u00edode de l&#8217;any, pot escalfar molt l&#8217;ambient. Per aix\u00f2 \u00e9s important tenir en compte des del principi una adequada protecci\u00f3 solar.<\/p>\n<p>&nbsp;<\/p>\n<h3>Existeix una superf\u00edcie envidrada ideal per a cada espai de l&#8217;habitatge?<\/h3>\n<p><b>Peter Andres:<\/b> No. Nosaltres, els dissenyadors luminot\u00e8cnics, raonem de manera diferent. En les nostres latituds recomanem entre un 5% \u2013 10% de lluminositat exterior per als espais interiors, aix\u00ed es crea un espai llumin\u00f3s i no hi ha problemes de llum durant l&#8217;\u00e8poca fosca de l&#8217;any. Depenent de l&#8217;orientaci\u00f3 i de la mena d&#8217;habitatge, estudiem juntament amb els arquitectes com aconseguir aquest percentatge. A vegades fan falta finestres m\u00e9s grans perqu\u00e8 l&#8217;edifici contigu est\u00e0 molt a prop. En canvi, en habitatges unifamiliars la cosa \u00e9s molt diferent i per aix\u00f2 no existeix una superf\u00edcie envidrada ideal: cal decidir-ho cas per cas.<\/p>\n<p>&nbsp;<\/p>\n<h3>En quina mesura \u00e9s decisiva la distribuci\u00f3 de les finestres en l&#8217;espai?<\/h3>\n<p>Molt important. Nom\u00e9s un exemple: en un element amb un fix superior entra fins a tres vegades m\u00e9s llum a l&#8217;interior que a trav\u00e9s d&#8217;un fix lateral d&#8217;igual grand\u00e0ria. Si en una reestructuraci\u00f3 es vol aprofitar al m\u00e0xim les superf\u00edcies envidrades existents, la posici\u00f3 de la finestra arriba a ser fonamental; elevant 10 cm m\u00e9s la finestra, la quantitat de llum que entra augmenta considerablement. Si no fos possible, caldria triar marcs estrets i un bon vidre per a tenir la m\u00e0xima transmissi\u00f3 lluminosa.<\/p>\n<p>&nbsp;<\/p>\n<h3>Per qu\u00e8 \u00e9s tan important deixar que entre la major quantitat de llum possible?<\/h3>\n<p>Perqu\u00e8 la llum \u00e9s un element vital. Sense llum no existir\u00edem. La llum \u00e9s vida: representa una font de vida di\u00e0ria: ja als matins, necessitem una determinada claredat per a despertar-nos. \u00c9s necessari que la llum ens doni en els ulls perqu\u00e8 el nostre cervell alliberi el cortisol, la \u201chormona de l&#8217;estr\u00e8s positiu\u201d que inhibeix l&#8217;hormona del somni, la melatonina, i ens activi. Abans, les persones passaven molt m\u00e9s temps a l&#8217;aire lliure; avui, a causa del treball, passem la majoria del nostre temps en ambients tancats; no estem fets per a aix\u00f2. La llum natural sempre ha tingut una influ\u00e8ncia positiva en totes les nostres funcions vitals. I ara, en els \u00faltims nanosegons de la nostra evoluci\u00f3, intentem generar un efecte similar amb fonts de llum artificials per\u00f2 no hi ha res que pugui substituir la llum natural.<\/p>\n<p>&nbsp;<\/p>\n<h3>Llavors, una manca de llum pot ser perjudicial per a la salut?<\/h3>\n<p>S\u00ed, tot el nostre sistema immunitari es veu alterat si no rebem suficient llum. Pot causar alteracions del somni, falta de vitamina D o fins i tot depressi\u00f3. Per desgr\u00e0cia, el nostre cos no envia senyals quan sofrim una manca de llum. No tothom t\u00e9 el seu lloc de treball prop d&#8217;una finestra i en qualsevol cas la qualitat de la llum es veu afectada per la qualitat del vidre de la finestra: il\u00b7lumina l&#8217;habitaci\u00f3 per\u00f2 no \u00e9s tan natural com hauria de ser. Per aix\u00f2 s&#8217;intenta compensar aquest d\u00e8ficit amb llum artificial. Per\u00f2 aix\u00f2 elimina per complet la possibilitat que el cos se sincronitzi amb el ritme del dia i de les estacions de l&#8217;any. Encara que la claredat  permeti treballar, no hi ha suficient llum natural.<\/p>\n<p>&nbsp;<\/p>\n<h3>I acaba d&#8217;esmentar la qualitat de la llum\u2026<\/h3>\n<p>S\u00ed, hi ha vidres que redueixen la qualitat de la llum perqu\u00e8 absorbeixen energia en l&#8217;espectre de longitud d&#8217;ona curta i llarga en el punt de transici\u00f3 entre la llum visible i invisible. Avui sabem que una quantitat de llum suficient de longitud d&#8217;ona llarga en el camp d&#8217;infrarojos prev\u00e9 la degeneraci\u00f3 macular lligada a l&#8217;envelliment. La llum blava de longitud d&#8217;ona curta ens desperta i ens mant\u00e9 actius i ambdues s\u00f3n importants per al nostre benestar. Per tant, no sols es tracta de deixar passar suficient llum a l&#8217;interior sin\u00f3 que tamb\u00e9 \u00e9s necessari que aquesta llum abasteixi tot l&#8217;espectre llumin\u00f3s.<\/p>\n<p>&nbsp;<\/p>\n<h3>Finalment, la qualitat del vidre influeix en la quantitat i qualitat de llum natural que entra en un espai?<\/h3>\n<p>Per descomptat. Un envidrament triple de baixa qualitat, per exemple, pot suposar una p\u00e8rdua de llum de fins a un 30%. Cal anar amb compte perqu\u00e8 \u00e9s possible que un ambient estigui molt ben a\u00efllat per\u00f2 no sigui prou il\u00b7luminat. En qualsevol cas, avui dia hi ha disponibles excel\u00b7lents vidres, com un vidre triple amb una transmissi\u00f3 lluminosa equivalent al d&#8217;un vidre doble. D&#8217;aquesta manera s&#8217;aconsegueix un a\u00efllament \u00f2ptim i la m\u00e0xima quantitat de llum natural.<\/p>\n<p>&nbsp;<\/p>\n<p><em>El catedr\u00e0tic Peter Andres va fundar en 1986 el seu estudi de disseny luminot\u00e8cnic a Hamburg; en 2000, va obrir una seu en Tirol. Des de 2006, ensenya en la Peter Behrens School of Architecture (PBSA) de Dusseldorf.<\/em><\/p>\n","protected":false},"excerpt":{"rendered":"<p>&#8220;La llum natural \u00e9s un element vital&#8221; &nbsp; Qu\u00e8 necessita un espai per a infondre benestar? La major quantitat possible de llum natural. Nombrosos estudis han demostrat que com m\u00e9s llumin\u00f3s \u00e9s un espai, m\u00e9s sensacions positives es transmeten. Aix\u00f2 no sorpr\u00e8n el dissenyador luminot\u00e8cnic alemany Peter Andres: al cap i a la fi, la [&hellip;]<\/p>\n","protected":false},"author":3,"featured_media":18262,"comment_status":"closed","ping_status":"open","sticky":false,"template":"","format":"standard","meta":{"_et_pb_use_builder":"","_et_pb_old_content":"","_et_gb_content_width":"","_monsterinsights_skip_tracking":false,"_monsterinsights_sitenote_active":false,"_monsterinsights_sitenote_note":"","_monsterinsights_sitenote_category":0,"footnotes":""},"categories":[65],"tags":[],"class_list":["post-18803","post","type-post","status-publish","format-standard","has-post-thumbnail","hentry","category-entrevistes"],"yoast_head":"<!-- This site is optimized with the Yoast SEO plugin v24.2 - https:\/\/yoast.com\/wordpress\/plugins\/seo\/ -->\n<title>Llum natural \/ Entrevista - Finestres Finstral &#8211; Factoria Canabal<\/title>\n<meta name=\"description\" content=\"Descobreix qu\u00e8 cal tenir en compte a l&#039;hora de triar les finestres per garantir la m\u00e0xima transmissi\u00f3 de llum natural al teu habitatge.\" \/>\n<meta name=\"robots\" content=\"index, follow, max-snippet:-1, max-image-preview:large, max-video-preview:-1\" \/>\n<link rel=\"canonical\" href=\"https:\/\/factoriacanabal.com\/luz-natural-entrevista-ventanas-finstral\/\" \/>\n<meta property=\"og:locale\" content=\"ca_ES\" \/>\n<meta property=\"og:type\" content=\"article\" \/>\n<meta property=\"og:title\" content=\"Llum natural \/ Entrevista - Finestres Finstral &#8211; Factoria Canabal\" \/>\n<meta property=\"og:description\" content=\"Descobreix qu\u00e8 cal tenir en compte a l&#039;hora de triar les finestres per garantir la m\u00e0xima transmissi\u00f3 de llum natural al teu habitatge.\" \/>\n<meta property=\"og:url\" content=\"https:\/\/factoriacanabal.com\/luz-natural-entrevista-ventanas-finstral\/\" \/>\n<meta property=\"og:site_name\" content=\"Factoria Canabal\" \/>\n<meta property=\"article:publisher\" content=\"https:\/\/www.facebook.com\/factoriacanabal\/\" \/>\n<meta property=\"article:published_time\" content=\"2021-04-25T08:49:44+00:00\" \/>\n<meta property=\"article:modified_time\" content=\"2021-07-14T11:49:28+00:00\" \/>\n<meta property=\"og:image\" content=\"https:\/\/factoriacanabal.com\/wp-content\/uploads\/2021\/04\/finstral-stuhl-sonnenlicht-2500x1667-1-980x554-1.jpg\" \/>\n\t<meta property=\"og:image:width\" content=\"980\" \/>\n\t<meta property=\"og:image:height\" content=\"554\" \/>\n\t<meta property=\"og:image:type\" content=\"image\/jpeg\" \/>\n<meta name=\"author\" content=\"Marta\" \/>\n<meta name=\"twitter:card\" content=\"summary_large_image\" \/>\n<meta name=\"twitter:creator\" content=\"@factoriacanabal\" \/>\n<meta name=\"twitter:site\" content=\"@factoriacanabal\" \/>\n<meta name=\"twitter:label1\" content=\"Escrit per\" \/>\n\t<meta name=\"twitter:data1\" content=\"Marta\" \/>\n\t<meta name=\"twitter:label2\" content=\"Temps estimat de lectura\" \/>\n\t<meta name=\"twitter:data2\" content=\"5 minuts\" \/>\n<script type=\"application\/ld+json\" class=\"yoast-schema-graph\">{\"@context\":\"https:\/\/schema.org\",\"@graph\":[{\"@type\":\"Article\",\"@id\":\"https:\/\/factoriacanabal.com\/luz-natural-entrevista-ventanas-finstral\/#article\",\"isPartOf\":{\"@id\":\"https:\/\/factoriacanabal.com\/luz-natural-entrevista-ventanas-finstral\/\"},\"author\":{\"name\":\"Marta\",\"@id\":\"https:\/\/factoriacanabal.com\/#\/schema\/person\/64f4df18db917ef052ef0579cd07bce9\"},\"headline\":\"Llum natural \/ Entrevista &#8211; Finestres Finstral\",\"datePublished\":\"2021-04-25T08:49:44+00:00\",\"dateModified\":\"2021-07-14T11:49:28+00:00\",\"mainEntityOfPage\":{\"@id\":\"https:\/\/factoriacanabal.com\/luz-natural-entrevista-ventanas-finstral\/\"},\"wordCount\":954,\"publisher\":{\"@id\":\"https:\/\/factoriacanabal.com\/#organization\"},\"image\":{\"@id\":\"https:\/\/factoriacanabal.com\/luz-natural-entrevista-ventanas-finstral\/#primaryimage\"},\"thumbnailUrl\":\"https:\/\/factoriacanabal.com\/wp-content\/uploads\/2021\/04\/finstral-stuhl-sonnenlicht-2500x1667-1-980x554-1.jpg\",\"articleSection\":[\"Entrevistes\"],\"inLanguage\":\"ca\"},{\"@type\":\"WebPage\",\"@id\":\"https:\/\/factoriacanabal.com\/luz-natural-entrevista-ventanas-finstral\/\",\"url\":\"https:\/\/factoriacanabal.com\/luz-natural-entrevista-ventanas-finstral\/\",\"name\":\"Llum natural \/ Entrevista - Finestres Finstral &#8211; Factoria Canabal\",\"isPartOf\":{\"@id\":\"https:\/\/factoriacanabal.com\/#website\"},\"primaryImageOfPage\":{\"@id\":\"https:\/\/factoriacanabal.com\/luz-natural-entrevista-ventanas-finstral\/#primaryimage\"},\"image\":{\"@id\":\"https:\/\/factoriacanabal.com\/luz-natural-entrevista-ventanas-finstral\/#primaryimage\"},\"thumbnailUrl\":\"https:\/\/factoriacanabal.com\/wp-content\/uploads\/2021\/04\/finstral-stuhl-sonnenlicht-2500x1667-1-980x554-1.jpg\",\"datePublished\":\"2021-04-25T08:49:44+00:00\",\"dateModified\":\"2021-07-14T11:49:28+00:00\",\"description\":\"Descobreix qu\u00e8 cal tenir en compte a l'hora de triar les finestres per garantir la m\u00e0xima transmissi\u00f3 de llum natural al teu habitatge.\",\"breadcrumb\":{\"@id\":\"https:\/\/factoriacanabal.com\/luz-natural-entrevista-ventanas-finstral\/#breadcrumb\"},\"inLanguage\":\"ca\",\"potentialAction\":[{\"@type\":\"ReadAction\",\"target\":[\"https:\/\/factoriacanabal.com\/luz-natural-entrevista-ventanas-finstral\/\"]}]},{\"@type\":\"ImageObject\",\"inLanguage\":\"ca\",\"@id\":\"https:\/\/factoriacanabal.com\/luz-natural-entrevista-ventanas-finstral\/#primaryimage\",\"url\":\"https:\/\/factoriacanabal.com\/wp-content\/uploads\/2021\/04\/finstral-stuhl-sonnenlicht-2500x1667-1-980x554-1.jpg\",\"contentUrl\":\"https:\/\/factoriacanabal.com\/wp-content\/uploads\/2021\/04\/finstral-stuhl-sonnenlicht-2500x1667-1-980x554-1.jpg\",\"width\":980,\"height\":554},{\"@type\":\"BreadcrumbList\",\"@id\":\"https:\/\/factoriacanabal.com\/luz-natural-entrevista-ventanas-finstral\/#breadcrumb\",\"itemListElement\":[{\"@type\":\"ListItem\",\"position\":1,\"name\":\"Inici\",\"item\":\"https:\/\/factoriacanabal.com\/ca\/inici\/\"},{\"@type\":\"ListItem\",\"position\":2,\"name\":\"Llum natural \/ Entrevista &#8211; Finestres Finstral\"}]},{\"@type\":\"WebSite\",\"@id\":\"https:\/\/factoriacanabal.com\/#website\",\"url\":\"https:\/\/factoriacanabal.com\/\",\"name\":\"Factoria Canabal\",\"description\":\"Finstral Partner Studio\",\"publisher\":{\"@id\":\"https:\/\/factoriacanabal.com\/#organization\"},\"potentialAction\":[{\"@type\":\"SearchAction\",\"target\":{\"@type\":\"EntryPoint\",\"urlTemplate\":\"https:\/\/factoriacanabal.com\/?s={search_term_string}\"},\"query-input\":{\"@type\":\"PropertyValueSpecification\",\"valueRequired\":true,\"valueName\":\"search_term_string\"}}],\"inLanguage\":\"ca\"},{\"@type\":\"Organization\",\"@id\":\"https:\/\/factoriacanabal.com\/#organization\",\"name\":\"Factoria Canabal\",\"url\":\"https:\/\/factoriacanabal.com\/\",\"logo\":{\"@type\":\"ImageObject\",\"inLanguage\":\"ca\",\"@id\":\"https:\/\/factoriacanabal.com\/#\/schema\/logo\/image\/\",\"url\":\"https:\/\/factoriacanabal.com\/wp-content\/uploads\/2018\/11\/logo_cabecera.jpg\",\"contentUrl\":\"https:\/\/factoriacanabal.com\/wp-content\/uploads\/2018\/11\/logo_cabecera.jpg\",\"width\":340,\"height\":156,\"caption\":\"Factoria Canabal\"},\"image\":{\"@id\":\"https:\/\/factoriacanabal.com\/#\/schema\/logo\/image\/\"},\"sameAs\":[\"https:\/\/www.facebook.com\/factoriacanabal\/\",\"https:\/\/x.com\/factoriacanabal\",\"https:\/\/www.youtube.com\/user\/Factoriavidres\"]},{\"@type\":\"Person\",\"@id\":\"https:\/\/factoriacanabal.com\/#\/schema\/person\/64f4df18db917ef052ef0579cd07bce9\",\"name\":\"Marta\",\"url\":\"https:\/\/factoriacanabal.com\/ca\/author\/marta\/\"}]}<\/script>\n<!-- \/ Yoast SEO plugin. -->","yoast_head_json":{"title":"Llum natural \/ Entrevista - Finestres Finstral &#8211; Factoria Canabal","description":"Descobreix qu\u00e8 cal tenir en compte a l'hora de triar les finestres per garantir la m\u00e0xima transmissi\u00f3 de llum natural al teu habitatge.","robots":{"index":"index","follow":"follow","max-snippet":"max-snippet:-1","max-image-preview":"max-image-preview:large","max-video-preview":"max-video-preview:-1"},"canonical":"https:\/\/factoriacanabal.com\/luz-natural-entrevista-ventanas-finstral\/","og_locale":"ca_ES","og_type":"article","og_title":"Llum natural \/ Entrevista - Finestres Finstral &#8211; Factoria Canabal","og_description":"Descobreix qu\u00e8 cal tenir en compte a l'hora de triar les finestres per garantir la m\u00e0xima transmissi\u00f3 de llum natural al teu habitatge.","og_url":"https:\/\/factoriacanabal.com\/luz-natural-entrevista-ventanas-finstral\/","og_site_name":"Factoria Canabal","article_publisher":"https:\/\/www.facebook.com\/factoriacanabal\/","article_published_time":"2021-04-25T08:49:44+00:00","article_modified_time":"2021-07-14T11:49:28+00:00","og_image":[{"width":980,"height":554,"url":"https:\/\/factoriacanabal.com\/wp-content\/uploads\/2021\/04\/finstral-stuhl-sonnenlicht-2500x1667-1-980x554-1.jpg","type":"image\/jpeg"}],"author":"Marta","twitter_card":"summary_large_image","twitter_creator":"@factoriacanabal","twitter_site":"@factoriacanabal","twitter_misc":{"Escrit per":"Marta","Temps estimat de lectura":"5 minuts"},"schema":{"@context":"https:\/\/schema.org","@graph":[{"@type":"Article","@id":"https:\/\/factoriacanabal.com\/luz-natural-entrevista-ventanas-finstral\/#article","isPartOf":{"@id":"https:\/\/factoriacanabal.com\/luz-natural-entrevista-ventanas-finstral\/"},"author":{"name":"Marta","@id":"https:\/\/factoriacanabal.com\/#\/schema\/person\/64f4df18db917ef052ef0579cd07bce9"},"headline":"Llum natural \/ Entrevista &#8211; Finestres Finstral","datePublished":"2021-04-25T08:49:44+00:00","dateModified":"2021-07-14T11:49:28+00:00","mainEntityOfPage":{"@id":"https:\/\/factoriacanabal.com\/luz-natural-entrevista-ventanas-finstral\/"},"wordCount":954,"publisher":{"@id":"https:\/\/factoriacanabal.com\/#organization"},"image":{"@id":"https:\/\/factoriacanabal.com\/luz-natural-entrevista-ventanas-finstral\/#primaryimage"},"thumbnailUrl":"https:\/\/factoriacanabal.com\/wp-content\/uploads\/2021\/04\/finstral-stuhl-sonnenlicht-2500x1667-1-980x554-1.jpg","articleSection":["Entrevistes"],"inLanguage":"ca"},{"@type":"WebPage","@id":"https:\/\/factoriacanabal.com\/luz-natural-entrevista-ventanas-finstral\/","url":"https:\/\/factoriacanabal.com\/luz-natural-entrevista-ventanas-finstral\/","name":"Llum natural \/ Entrevista - Finestres Finstral &#8211; Factoria Canabal","isPartOf":{"@id":"https:\/\/factoriacanabal.com\/#website"},"primaryImageOfPage":{"@id":"https:\/\/factoriacanabal.com\/luz-natural-entrevista-ventanas-finstral\/#primaryimage"},"image":{"@id":"https:\/\/factoriacanabal.com\/luz-natural-entrevista-ventanas-finstral\/#primaryimage"},"thumbnailUrl":"https:\/\/factoriacanabal.com\/wp-content\/uploads\/2021\/04\/finstral-stuhl-sonnenlicht-2500x1667-1-980x554-1.jpg","datePublished":"2021-04-25T08:49:44+00:00","dateModified":"2021-07-14T11:49:28+00:00","description":"Descobreix qu\u00e8 cal tenir en compte a l'hora de triar les finestres per garantir la m\u00e0xima transmissi\u00f3 de llum natural al teu habitatge.","breadcrumb":{"@id":"https:\/\/factoriacanabal.com\/luz-natural-entrevista-ventanas-finstral\/#breadcrumb"},"inLanguage":"ca","potentialAction":[{"@type":"ReadAction","target":["https:\/\/factoriacanabal.com\/luz-natural-entrevista-ventanas-finstral\/"]}]},{"@type":"ImageObject","inLanguage":"ca","@id":"https:\/\/factoriacanabal.com\/luz-natural-entrevista-ventanas-finstral\/#primaryimage","url":"https:\/\/factoriacanabal.com\/wp-content\/uploads\/2021\/04\/finstral-stuhl-sonnenlicht-2500x1667-1-980x554-1.jpg","contentUrl":"https:\/\/factoriacanabal.com\/wp-content\/uploads\/2021\/04\/finstral-stuhl-sonnenlicht-2500x1667-1-980x554-1.jpg","width":980,"height":554},{"@type":"BreadcrumbList","@id":"https:\/\/factoriacanabal.com\/luz-natural-entrevista-ventanas-finstral\/#breadcrumb","itemListElement":[{"@type":"ListItem","position":1,"name":"Inici","item":"https:\/\/factoriacanabal.com\/ca\/inici\/"},{"@type":"ListItem","position":2,"name":"Llum natural \/ Entrevista &#8211; Finestres Finstral"}]},{"@type":"WebSite","@id":"https:\/\/factoriacanabal.com\/#website","url":"https:\/\/factoriacanabal.com\/","name":"Factoria Canabal","description":"Finstral Partner Studio","publisher":{"@id":"https:\/\/factoriacanabal.com\/#organization"},"potentialAction":[{"@type":"SearchAction","target":{"@type":"EntryPoint","urlTemplate":"https:\/\/factoriacanabal.com\/?s={search_term_string}"},"query-input":{"@type":"PropertyValueSpecification","valueRequired":true,"valueName":"search_term_string"}}],"inLanguage":"ca"},{"@type":"Organization","@id":"https:\/\/factoriacanabal.com\/#organization","name":"Factoria Canabal","url":"https:\/\/factoriacanabal.com\/","logo":{"@type":"ImageObject","inLanguage":"ca","@id":"https:\/\/factoriacanabal.com\/#\/schema\/logo\/image\/","url":"https:\/\/factoriacanabal.com\/wp-content\/uploads\/2018\/11\/logo_cabecera.jpg","contentUrl":"https:\/\/factoriacanabal.com\/wp-content\/uploads\/2018\/11\/logo_cabecera.jpg","width":340,"height":156,"caption":"Factoria Canabal"},"image":{"@id":"https:\/\/factoriacanabal.com\/#\/schema\/logo\/image\/"},"sameAs":["https:\/\/www.facebook.com\/factoriacanabal\/","https:\/\/x.com\/factoriacanabal","https:\/\/www.youtube.com\/user\/Factoriavidres"]},{"@type":"Person","@id":"https:\/\/factoriacanabal.com\/#\/schema\/person\/64f4df18db917ef052ef0579cd07bce9","name":"Marta","url":"https:\/\/factoriacanabal.com\/ca\/author\/marta\/"}]}},"_links":{"self":[{"href":"https:\/\/factoriacanabal.com\/ca\/wp-json\/wp\/v2\/posts\/18803"}],"collection":[{"href":"https:\/\/factoriacanabal.com\/ca\/wp-json\/wp\/v2\/posts"}],"about":[{"href":"https:\/\/factoriacanabal.com\/ca\/wp-json\/wp\/v2\/types\/post"}],"author":[{"embeddable":true,"href":"https:\/\/factoriacanabal.com\/ca\/wp-json\/wp\/v2\/users\/3"}],"replies":[{"embeddable":true,"href":"https:\/\/factoriacanabal.com\/ca\/wp-json\/wp\/v2\/comments?post=18803"}],"version-history":[{"count":1,"href":"https:\/\/factoriacanabal.com\/ca\/wp-json\/wp\/v2\/posts\/18803\/revisions"}],"predecessor-version":[{"id":18804,"href":"https:\/\/factoriacanabal.com\/ca\/wp-json\/wp\/v2\/posts\/18803\/revisions\/18804"}],"wp:featuredmedia":[{"embeddable":true,"href":"https:\/\/factoriacanabal.com\/ca\/wp-json\/wp\/v2\/media\/18262"}],"wp:attachment":[{"href":"https:\/\/factoriacanabal.com\/ca\/wp-json\/wp\/v2\/media?parent=18803"}],"wp:term":[{"taxonomy":"category","embeddable":true,"href":"https:\/\/factoriacanabal.com\/ca\/wp-json\/wp\/v2\/categories?post=18803"},{"taxonomy":"post_tag","embeddable":true,"href":"https:\/\/factoriacanabal.com\/ca\/wp-json\/wp\/v2\/tags?post=18803"}],"curies":[{"name":"wp","href":"https:\/\/api.w.org\/{rel}","templated":true}]}}