{"id":20299,"date":"2021-11-25T08:20:18","date_gmt":"2021-11-25T08:20:18","guid":{"rendered":"https:\/\/factoriacanabal.com\/?p=20299"},"modified":"2021-11-25T08:20:18","modified_gmt":"2021-11-25T08:20:18","slug":"pvc-material-imbatible-cat","status":"publish","type":"post","link":"https:\/\/factoriacanabal.com\/ca\/pvc-material-imbatible-cat\/","title":{"rendered":"PVC &#8211; Un material imbatible"},"content":{"rendered":"<h3><em>No hi ha alternativa. Joachim Oberrauch parla sobre els avantatges del PVC en la fabricaci\u00f3 de finestres.<\/em><\/h3>\n<p>Finstral va ser pionera a fabricar finestres de policlorur de vinil. Avui, 50 anys m\u00e9s tard, una de cada dues finestres a Europa \u00e9s de PVC. Per\u00f2 Finstral va m\u00e9s enll\u00e0: \u00e9s l&#8217;\u00fanic fabricant de finestres que utilitza en tots els seus productes un nucli de PVC. Sempre. Una xerrada amb Joachim Oberrauch, directiu de Finstral.<\/p>\n<p>&nbsp;<\/p>\n<p><a href=\"https:\/\/factoriacanabal.com\/wp-content\/uploads\/2021\/11\/joachim-oberrauch-miembro-del-consejo-de-administracion_Finstral_Barcelona.jpg\"><img loading=\"lazy\" decoding=\"async\" class=\"wp-image-20224 aligncenter\" src=\"https:\/\/factoriacanabal.com\/wp-content\/uploads\/2021\/11\/joachim-oberrauch-miembro-del-consejo-de-administracion_Finstral_Barcelona.jpg\" alt=\"\" width=\"338\" height=\"191\" \/><\/a><\/p>\n<h4><\/h4>\n<h4><strong>Fins i tot les finestres d&#8217;alumini o fusta de Finstral tenen un nucli amb un perfil de PVC. Per qu\u00e8?<\/strong><\/h4>\n<p>Joachim Oberrauch: el nucli de la finestra \u00e9s l&#8217;encarregat de les caracter\u00edstiques funcionals: protegeix enfront de la calor, el fred, el soroll, la humitat i els lladres i permet realitzar un marc est\u00e8tic, que deixa passar molta llum. De tots els materials que es prenen en consideraci\u00f3 per a fabricar finestres, el PVC \u00e9s el que millor pot fer-ho. \u00c9s impermeable, estable i extraordin\u00e0riament a\u00efllant. A m\u00e9s es pot moldejar molt b\u00e9 i es pot reutilitzar a la perfecci\u00f3: per exemple, nom\u00e9s utilitzant PVC \u00e9s possible soldar dos perfils per a garantir cantonades estanques a l&#8217;aire i l&#8217;aigua.<\/p>\n<p>&nbsp;<\/p>\n<p>&nbsp;<\/p>\n<h4><strong>Per qu\u00e8 continuen tenint-ho m\u00e9s dif\u00edcil les finestres de PVC que, per exemple, les de fusta?<\/strong><\/h4>\n<p>Quan es tria un material es tracta d&#8217;aconseguir l&#8217;est\u00e8tica perfecta per al corresponent estil arquitect\u00f2nic i aix\u00f2 est\u00e0 molt vinculat a les emocions. \u00c9s una decisi\u00f3 que ha de prendre cada arquitecte i cada promotor d&#8217;obra. Nosaltres considerem que la nostra tasca \u00e9s oferir la major varietat de materials possible, sense renunciar a res en q\u00fcesti\u00f3 de funci\u00f3, confort o disseny. Qui desitgi un material concret per a les seves finestres, amb nosaltres l&#8217;obtindr\u00e0, per\u00f2 amb un nucli de PVC. L&#8217;est\u00e8tica \u00e9s una q\u00fcesti\u00f3 de gust, la qualitat no.<\/p>\n<p>&nbsp;<\/p>\n<p>&nbsp;<\/p>\n<h4><strong>Ha dubtat alguna vegada del PVC?<\/strong><\/h4>\n<p>No, mai. El PVC dur \u00e9s el material de construcci\u00f3 m\u00e9s resistent que hi ha. Aix\u00f2 ho converteix en el material ideal per a assegurar la perfecta funcionalitat en els nostres productes perqu\u00e8 a l&#8217;exterior, les finestres han de suportar oscil\u00b7lacions extremes de temperatures i inclem\u00e8ncies, mentre que per l&#8217;interior regna un clima relativament estable. El PVC no sols suporta aquesta doble c\u00e0rrega, sin\u00f3 que, al mateix temps, funciona com un nucli a\u00efllant \u00f2ptim per a la finestra.<\/p>\n<p>&nbsp;<\/p>\n<p>&nbsp;<\/p>\n<h4><strong>Per\u00f2 precisament la qualitat del PVC sol q\u00fcestionar-se amb freq\u00fc\u00e8ncia. Es diu que \u00e9s poc sostenible i que contamina el medi ambient. N&#8217;hi ha prou amb pensar en la quantitat de pl\u00e0stic en els oceans. Quina \u00e9s la imatge del PVC?<\/strong><\/h4>\n<p>No es pot cometre l&#8217;error d&#8217;equiparar PVC de qualitat amb pl\u00e0stic barat. El PVC \u00e9s molt durador. Aix\u00ed i tot, per desgr\u00e0cia, amb freq\u00fc\u00e8ncia s&#8217;utilitza per a articles d&#8217;usar i tirar, com a embalatges i aix\u00f2 \u00e9s sens dubte problem\u00e0tic. Per\u00f2 les finestres haurien de durar d\u00e8cades, per la qual cosa la durabilitat del material \u00e9s una propietat positiva. Nom\u00e9s podem aprofitar de manera efectiva i respectuosa els recursos del nostre planeta si apostem per productes d&#8217;alta qualitat en comptes de solucions de comprom\u00eds de curta vida. El PVC es pot triturar i reutilitzar sense problema fins i tot d\u00e8cades despr\u00e9s. D&#8217;aquesta manera, no sols s&#8217;estalvia mat\u00e8ria primera, sin\u00f3 tamb\u00e9 energia en la producci\u00f3. Per a poder reciclar al 100% les nostres finestres, fabriquem la nostra pr\u00f2pia mescla de PVC d&#8217;acord amb els est\u00e0ndards m\u00e9s elevats i constru\u00efm les nostres finestres de manera que els materials utilitzats es poden separar per tipus purs despr\u00e9s de molts anys.<\/p>\n<p>&nbsp;<\/p>\n<p>&nbsp;<\/p>\n<h4><strong>Llavors, \u00e9s cert que la seva producci\u00f3 no genera cap residu de PVC?<\/strong><\/h4>\n<p>S\u00ed, \u00e9s cert. Hem constru\u00eft els nostres perfils de manera que no requereixen materials de farciment o a\u00efllaments addicionals, \u00e9s a dir, que no utilitzem materials compostos, sin\u00f3 PVC pur. Per aix\u00f2, podem tornar a triturar les retallades procedents de la fabricaci\u00f3 i utilitzar-los per a fer la massa de PVC i aix\u00ed reciclem sense p\u00e8rdua de qualitat, ja que el PVC no es deteriora. Per tant, no ho considerem un residu, sin\u00f3 que continua sent un valu\u00f3s material, que reutilitzem. Aquesta \u00e9s una dels avantatges d&#8217;encarregar-nos nosaltres mateixos del desenvolupament, l&#8217;extrusi\u00f3 i el processament dels perfils.<\/p>\n<p>&nbsp;<\/p>\n<p><a href=\"https:\/\/factoriacanabal.com\/wp-content\/uploads\/2021\/11\/Granulado_PVC_Finstral_Barcelona.jpg\"><img loading=\"lazy\" decoding=\"async\" class=\" wp-image-20222 alignright\" src=\"https:\/\/factoriacanabal.com\/wp-content\/uploads\/2021\/11\/Granulado_PVC_Finstral_Barcelona.jpg\" alt=\"\" width=\"295\" height=\"295\" srcset=\"https:\/\/factoriacanabal.com\/wp-content\/uploads\/2021\/11\/Granulado_PVC_Finstral_Barcelona.jpg 440w, https:\/\/factoriacanabal.com\/wp-content\/uploads\/2021\/11\/Granulado_PVC_Finstral_Barcelona-300x300.jpg 300w, https:\/\/factoriacanabal.com\/wp-content\/uploads\/2021\/11\/Granulado_PVC_Finstral_Barcelona-80x80.jpg 80w\" sizes=\"(max-width: 295px) 100vw, 295px\" \/><\/a><\/p>\n<h4><strong>Quins s\u00f3n els criteris de qualitat rellevants per a un PVC d&#8217;alta qualitat?<\/strong><\/h4>\n<p>Una barreja de PVC es pot fer de manera semblant a una recepta de menjar: es pot preparar un plat amb ingredients seleccionats o estalviar en la qualitat i quantitat dels components. Els criteris decisius per a la qualitat s\u00f3n, per exemple, resist\u00e8ncia als impactes, puresa crom\u00e0tica i resist\u00e8ncia a la intemp\u00e8rie. El PVC fet amb mescles pobres \u00e9s fr\u00e0gil, no roman estable durant molt de temps estant exposades a la intemp\u00e8rie i es descoloreix amb el sol. Mentre que la majoria dels fabricants de finestres ho compren a altres prove\u00efdors, nosaltres barregem i elaborem nosaltres mateixos la nostra massa de PVC, d&#8217;acord amb les nostres pr\u00f2pies exig\u00e8ncies. De manera volunt\u00e0ria, deixem que instituts independents comprovin la qualitat del nostre PVC: d&#8217;acord amb el segell de qualitat alemany RAL i el sistema franc\u00e8s de control de la qualitat CSTB, ja que a Fran\u00e7a existeixen altres criteris de conformitat. En tots dos test aconseguim sempre els millors resultats.<\/p>\n<p>&nbsp;<\/p>\n<p>&nbsp;<\/p>\n<h4><strong>Continuen millorant la recepta de PVC o ja han aconseguit el seu punt \u00f2ptim?<\/strong><\/h4>\n<p>Qui creu haver aconseguit l&#8217;\u00f2ptim, deixa d&#8217;estar obert a all\u00f2 nou. Conservem la nostra curiositat i volem investigar quines possibilitats queden encara, per aix\u00f2 continuem desenvolupant la recepta cont\u00ednuament. D&#8217;una banda, t\u00e8cnicament, \u00e9s a dir, les seves propietats mec\u00e0niques, per\u00f2 tamb\u00e9 \u00f2pticament, quant al colors i superf\u00edcies.<\/p>\n<p>&nbsp;<\/p>\n<p>&nbsp;<\/p>\n<h4><strong>Colors i superf\u00edcies? En el cas de les finestres de PVC es continua pensant sempre en les cl\u00e0ssiques blanques i llises&#8230;<\/strong><\/h4>\n<p>Les nostres finestres m\u00e9s venudes s\u00f3n blanques, per\u00f2 gaireb\u00e9 sempre gravades o setinades. Incloem aquestes superf\u00edcies especials en el nostre programa des de 1984, i avui dia continuen sent \u00faniques en tota Europa. Ja en la fase d&#8217;extrusi\u00f3, imprimim directament en els perfils el gravat que imita les vetes de la fusta o el setinat que li d\u00f3na a la superf\u00edcie un aspecte elegant. D&#8217;aquesta manera desapareix el ratllat t\u00edpic dels perfils de PVC llisos. El resultat \u00e9s una superf\u00edcie compacta i endurida de tacte agradable amb pocs microporos, que no atrauen les part\u00edcules de pols. El marc, per tant, no sols s&#8217;embelleix, sin\u00f3 que es torna m\u00e9s f\u00e0cil de cuidar.<\/p>\n<p>&nbsp;<\/p>\n<p>&nbsp;<\/p>\n<h4><strong>Acolorir els perfils per a revaloritzar les finestres de PVC blanc: molts fabricants ho fan. \u00c9s cert que Finstral pensa diferent?<\/strong><\/h4>\n<p>S\u00ed, nosaltres contemplem de manera cr\u00edtica la tend\u00e8ncia d&#8217;acolorir els marcs de finestra, sobretot, si s&#8217;imiten superf\u00edcies d&#8217;alumini fosques perqu\u00e8 adherir l\u00e0mines de color als perfils de PVC pot ser barat, per\u00f2, funcionalment, no t\u00e9 cap sentit. Les superf\u00edcies de PVC fosques s&#8217;escalfen molt al sol i la temperatura que fa que el PVC es torni tou gira entorn dels 80 \u00b0C. La probabilitat que una finestra de PVC gris antracita es deformi de manera irreparable amb els anys \u00e9s molt elevada. Per aix\u00f2 no ens unim a aquesta tend\u00e8ncia i mantenim una clara actitud sobre aquest tema: a Finstral, nom\u00e9s oferim colors foscos en els revestiments d&#8217;alumini, que suporten temperatures notablement m\u00e9s altes. Tampoc utilitzem ll\u00e0mines de color, ja que si la superf\u00edcie del marc resulta danyada durant la llarga vida de la finestra, apunta sota el perfil blanc. En comptes d&#8217;aix\u00f2, per a tons de colors clars, nosaltres pigmentem la massa de PVC directament i extrusionem d&#8217;ella els perfils completament acolorits en massa. Per\u00f2, per a aix\u00f2, fa falta una recepta de PVC de gran qualitat, perqu\u00e8 nom\u00e9s aquesta es pot acolorir i gravar perfectament.<\/p>\n<p>&nbsp;<\/p>\n<p>&nbsp;<\/p>\n<h4><strong>Llavors tamb\u00e9 fabriquen perfils de PVC amb aspecte fusta sense usar l\u00e0mines?<\/strong><\/h4>\n<p>No, aqu\u00ed m&#8217;ha enxampat. Per a donar-li als nostres marcs el t\u00edpic reixat, tamb\u00e9 nosaltres necessitem ll\u00e0mines amb aspecte de fusta per\u00f2 nom\u00e9s utilitzem l\u00e0mines acr\u00edliques de gran qualitat, que no sols adherim, sin\u00f3 que les termofusionem directament al perfil i despr\u00e9s les gravem. A m\u00e9s, els nostres perfils i juntes no s\u00f3n blancs, sin\u00f3 que s&#8217;acoloreixen en el to de marr\u00f3 corresponent. Al final, s\u00f3n aquests detalls els que marquen la difer\u00e8ncia.<\/p>\n<p>&nbsp;<\/p>\n<p>&nbsp;<\/p>\n<h4><strong>En els anys inicials, Finstral comprava perfils ja fets. Quan van decidir produir-los vost\u00e8s mateixos?<\/strong><\/h4>\n<p>A principis dels anys setanta comencem ja a dissenyar els nostres propis perfils i fer-los extrusionar d&#8217;acord amb les nostres idees. Quan el nostre prove\u00efdor d&#8217;extrusions va travessar dificultats financeres, vam haver de triar: busc\u00e0vem un nou soci o trasllad\u00e0vem la producci\u00f3 a les nostres instal\u00b7lacions? Ens decidim per una major autosufici\u00e8ncia i, des de 1980, ho fem tot nosaltres, des del granulat de PVC fins a les finestres acabades. Mai ens hem penedit de fer aquest pas perqu\u00e8 tamb\u00e9 aix\u00ed podem impulsar les innovacions amb molta major rapidesa i independ\u00e8ncia.<\/p>\n<p>&nbsp;<\/p>\n<p>&nbsp;<\/p>\n<h4><strong>El nucli funcional de la finestra \u00e9s gaireb\u00e9 invisible. Quines possibilitats veu per al PVC com a element visible en l&#8217;arquitectura?<\/strong><\/h4>\n<p>El PVC t\u00e9 un llenguatge formal propi, doncs el material en si \u00e9s molt complaent i vers\u00e0til. Amb el ForRes, un material reciclat que fabriquem a base dels sobrants de PVC i pela d&#8217;arr\u00f2s, hem aconseguit fins i tot crear una esp\u00e8cie d&#8217;aspecte vintage amb un tacte natural i por\u00f3s. Precisament aquesta versatilitat fa que el PVC sigui tan interessant per als arquitectes i promotors d&#8217;obra. Cada casa t\u00e9 el seu propi estil i car\u00e0cter, igual que la gent que les dissenya. I el PVC ofereix innombrables possibilitats per a aix\u00f2.<\/p>\n<p>&nbsp;<\/p>\n<p>&nbsp;<\/p>\n<h4><strong>Com evolucionar\u00e0 el paper del PVC en la fabricaci\u00f3 de finestres?<\/strong><\/h4>\n<p>Un gran tema s\u00f3n els marcs estrets, que deixen entrar m\u00e9s llum i resulten discrets des del punt de vista arquitect\u00f2nic. Precisament amb el PVC es pot realitzar molt b\u00e9 el desig de cada vegada m\u00e9s vidre i aix\u00f2 ho fa possible una moderna tecnologia d&#8217;adhesi\u00f3, que uneix el vidre a\u00efllant amb el marc. Al mateix temps, amb els marcs de PVC, a difer\u00e8ncia d&#8217;amb altres materials, s&#8217;obtenen sempre els m\u00e0xims valors d&#8217;a\u00efllament. Per aix\u00f2 crec que el PVC continuar\u00e0 exercint un paper important en la fabricaci\u00f3 de finestres, no sols pels seus grans avantatges funcionals, sin\u00f3 tamb\u00e9 per les seves possibilitats est\u00e8tiques.<\/p>\n<p>&nbsp;<\/p>\n","protected":false},"excerpt":{"rendered":"<p>No hi ha alternativa. Joachim Oberrauch parla sobre els avantatges del PVC en la fabricaci\u00f3 de finestres. Finstral va ser pionera a fabricar finestres de policlorur de vinil. Avui, 50 anys m\u00e9s tard, una de cada dues finestres a Europa \u00e9s de PVC. Per\u00f2 Finstral va m\u00e9s enll\u00e0: \u00e9s l&#8217;\u00fanic fabricant de finestres que utilitza [&hellip;]<\/p>\n","protected":false},"author":3,"featured_media":20228,"comment_status":"closed","ping_status":"open","sticky":false,"template":"","format":"standard","meta":{"_et_pb_use_builder":"","_et_pb_old_content":"","_et_gb_content_width":"","_monsterinsights_skip_tracking":false,"_monsterinsights_sitenote_active":false,"_monsterinsights_sitenote_note":"","_monsterinsights_sitenote_category":0,"footnotes":""},"categories":[66],"tags":[],"class_list":["post-20299","post","type-post","status-publish","format-standard","has-post-thumbnail","hentry","category-noticies-finestres"],"yoast_head":"<!-- This site is optimized with the Yoast SEO plugin v24.2 - https:\/\/yoast.com\/wordpress\/plugins\/seo\/ -->\n<title>PVC - Un material imbatible &#8211; Factoria Canabal<\/title>\n<meta name=\"description\" content=\"Finstral \u00e9s l&#039;\u00fanic fabricant de finestres que utilitza en tots els seus productes un nucli de PVC. Sempre. Una xerrada amb Joachim Oberrauch.\" \/>\n<meta name=\"robots\" content=\"index, follow, max-snippet:-1, max-image-preview:large, max-video-preview:-1\" \/>\n<link rel=\"canonical\" href=\"https:\/\/factoriacanabal.com\/ca\/pvc-material-imbatible-cat\/\" \/>\n<meta property=\"og:locale\" content=\"ca_ES\" \/>\n<meta property=\"og:type\" content=\"article\" \/>\n<meta property=\"og:title\" content=\"PVC - Un material imbatible &#8211; Factoria Canabal\" \/>\n<meta property=\"og:description\" content=\"Finstral \u00e9s l&#039;\u00fanic fabricant de finestres que utilitza en tots els seus productes un nucli de PVC. Sempre. Una xerrada amb Joachim Oberrauch.\" \/>\n<meta property=\"og:url\" content=\"https:\/\/factoriacanabal.com\/ca\/pvc-material-imbatible-cat\/\" \/>\n<meta property=\"og:site_name\" content=\"Factoria Canabal\" \/>\n<meta property=\"article:publisher\" content=\"https:\/\/www.facebook.com\/factoriacanabal\/\" \/>\n<meta property=\"article:published_time\" content=\"2021-11-25T08:20:18+00:00\" \/>\n<meta property=\"og:image\" content=\"https:\/\/factoriacanabal.com\/wp-content\/uploads\/2021\/11\/pvc_imbatible.jpeg\" \/>\n\t<meta property=\"og:image:width\" content=\"1920\" \/>\n\t<meta property=\"og:image:height\" content=\"840\" \/>\n\t<meta property=\"og:image:type\" content=\"image\/jpeg\" \/>\n<meta name=\"author\" content=\"Marta\" \/>\n<meta name=\"twitter:card\" content=\"summary_large_image\" \/>\n<meta name=\"twitter:creator\" content=\"@factoriacanabal\" \/>\n<meta name=\"twitter:site\" content=\"@factoriacanabal\" \/>\n<meta name=\"twitter:label1\" content=\"Escrit per\" \/>\n\t<meta name=\"twitter:data1\" content=\"Marta\" \/>\n\t<meta name=\"twitter:label2\" content=\"Temps estimat de lectura\" \/>\n\t<meta name=\"twitter:data2\" content=\"8 minuts\" \/>\n<script type=\"application\/ld+json\" class=\"yoast-schema-graph\">{\"@context\":\"https:\/\/schema.org\",\"@graph\":[{\"@type\":\"Article\",\"@id\":\"https:\/\/factoriacanabal.com\/ca\/pvc-material-imbatible-cat\/#article\",\"isPartOf\":{\"@id\":\"https:\/\/factoriacanabal.com\/ca\/pvc-material-imbatible-cat\/\"},\"author\":{\"name\":\"Marta\",\"@id\":\"https:\/\/factoriacanabal.com\/#\/schema\/person\/64f4df18db917ef052ef0579cd07bce9\"},\"headline\":\"PVC &#8211; Un material imbatible\",\"datePublished\":\"2021-11-25T08:20:18+00:00\",\"dateModified\":\"2021-11-25T08:20:18+00:00\",\"mainEntityOfPage\":{\"@id\":\"https:\/\/factoriacanabal.com\/ca\/pvc-material-imbatible-cat\/\"},\"wordCount\":1867,\"publisher\":{\"@id\":\"https:\/\/factoriacanabal.com\/#organization\"},\"image\":{\"@id\":\"https:\/\/factoriacanabal.com\/ca\/pvc-material-imbatible-cat\/#primaryimage\"},\"thumbnailUrl\":\"https:\/\/factoriacanabal.com\/wp-content\/uploads\/2021\/11\/pvc_imbatible.jpeg\",\"articleSection\":[\"Not\u00edcies finestres\"],\"inLanguage\":\"ca\"},{\"@type\":\"WebPage\",\"@id\":\"https:\/\/factoriacanabal.com\/ca\/pvc-material-imbatible-cat\/\",\"url\":\"https:\/\/factoriacanabal.com\/ca\/pvc-material-imbatible-cat\/\",\"name\":\"PVC - Un material imbatible &#8211; Factoria Canabal\",\"isPartOf\":{\"@id\":\"https:\/\/factoriacanabal.com\/#website\"},\"primaryImageOfPage\":{\"@id\":\"https:\/\/factoriacanabal.com\/ca\/pvc-material-imbatible-cat\/#primaryimage\"},\"image\":{\"@id\":\"https:\/\/factoriacanabal.com\/ca\/pvc-material-imbatible-cat\/#primaryimage\"},\"thumbnailUrl\":\"https:\/\/factoriacanabal.com\/wp-content\/uploads\/2021\/11\/pvc_imbatible.jpeg\",\"datePublished\":\"2021-11-25T08:20:18+00:00\",\"dateModified\":\"2021-11-25T08:20:18+00:00\",\"description\":\"Finstral \u00e9s l'\u00fanic fabricant de finestres que utilitza en tots els seus productes un nucli de PVC. Sempre. Una xerrada amb Joachim Oberrauch.\",\"breadcrumb\":{\"@id\":\"https:\/\/factoriacanabal.com\/ca\/pvc-material-imbatible-cat\/#breadcrumb\"},\"inLanguage\":\"ca\",\"potentialAction\":[{\"@type\":\"ReadAction\",\"target\":[\"https:\/\/factoriacanabal.com\/ca\/pvc-material-imbatible-cat\/\"]}]},{\"@type\":\"ImageObject\",\"inLanguage\":\"ca\",\"@id\":\"https:\/\/factoriacanabal.com\/ca\/pvc-material-imbatible-cat\/#primaryimage\",\"url\":\"https:\/\/factoriacanabal.com\/wp-content\/uploads\/2021\/11\/pvc_imbatible.jpeg\",\"contentUrl\":\"https:\/\/factoriacanabal.com\/wp-content\/uploads\/2021\/11\/pvc_imbatible.jpeg\",\"width\":1920,\"height\":840},{\"@type\":\"BreadcrumbList\",\"@id\":\"https:\/\/factoriacanabal.com\/ca\/pvc-material-imbatible-cat\/#breadcrumb\",\"itemListElement\":[{\"@type\":\"ListItem\",\"position\":1,\"name\":\"Inici\",\"item\":\"https:\/\/factoriacanabal.com\/ca\/inici\/\"},{\"@type\":\"ListItem\",\"position\":2,\"name\":\"PVC &#8211; Un material imbatible\"}]},{\"@type\":\"WebSite\",\"@id\":\"https:\/\/factoriacanabal.com\/#website\",\"url\":\"https:\/\/factoriacanabal.com\/\",\"name\":\"Factoria Canabal\",\"description\":\"Finstral Partner Studio\",\"publisher\":{\"@id\":\"https:\/\/factoriacanabal.com\/#organization\"},\"potentialAction\":[{\"@type\":\"SearchAction\",\"target\":{\"@type\":\"EntryPoint\",\"urlTemplate\":\"https:\/\/factoriacanabal.com\/?s={search_term_string}\"},\"query-input\":{\"@type\":\"PropertyValueSpecification\",\"valueRequired\":true,\"valueName\":\"search_term_string\"}}],\"inLanguage\":\"ca\"},{\"@type\":\"Organization\",\"@id\":\"https:\/\/factoriacanabal.com\/#organization\",\"name\":\"Factoria Canabal\",\"url\":\"https:\/\/factoriacanabal.com\/\",\"logo\":{\"@type\":\"ImageObject\",\"inLanguage\":\"ca\",\"@id\":\"https:\/\/factoriacanabal.com\/#\/schema\/logo\/image\/\",\"url\":\"https:\/\/factoriacanabal.com\/wp-content\/uploads\/2018\/11\/logo_cabecera.jpg\",\"contentUrl\":\"https:\/\/factoriacanabal.com\/wp-content\/uploads\/2018\/11\/logo_cabecera.jpg\",\"width\":340,\"height\":156,\"caption\":\"Factoria Canabal\"},\"image\":{\"@id\":\"https:\/\/factoriacanabal.com\/#\/schema\/logo\/image\/\"},\"sameAs\":[\"https:\/\/www.facebook.com\/factoriacanabal\/\",\"https:\/\/x.com\/factoriacanabal\",\"https:\/\/www.youtube.com\/user\/Factoriavidres\"]},{\"@type\":\"Person\",\"@id\":\"https:\/\/factoriacanabal.com\/#\/schema\/person\/64f4df18db917ef052ef0579cd07bce9\",\"name\":\"Marta\",\"url\":\"https:\/\/factoriacanabal.com\/ca\/author\/marta\/\"}]}<\/script>\n<!-- \/ Yoast SEO plugin. -->","yoast_head_json":{"title":"PVC - Un material imbatible &#8211; Factoria Canabal","description":"Finstral \u00e9s l'\u00fanic fabricant de finestres que utilitza en tots els seus productes un nucli de PVC. Sempre. Una xerrada amb Joachim Oberrauch.","robots":{"index":"index","follow":"follow","max-snippet":"max-snippet:-1","max-image-preview":"max-image-preview:large","max-video-preview":"max-video-preview:-1"},"canonical":"https:\/\/factoriacanabal.com\/ca\/pvc-material-imbatible-cat\/","og_locale":"ca_ES","og_type":"article","og_title":"PVC - Un material imbatible &#8211; Factoria Canabal","og_description":"Finstral \u00e9s l'\u00fanic fabricant de finestres que utilitza en tots els seus productes un nucli de PVC. Sempre. Una xerrada amb Joachim Oberrauch.","og_url":"https:\/\/factoriacanabal.com\/ca\/pvc-material-imbatible-cat\/","og_site_name":"Factoria Canabal","article_publisher":"https:\/\/www.facebook.com\/factoriacanabal\/","article_published_time":"2021-11-25T08:20:18+00:00","og_image":[{"width":1920,"height":840,"url":"https:\/\/factoriacanabal.com\/wp-content\/uploads\/2021\/11\/pvc_imbatible.jpeg","type":"image\/jpeg"}],"author":"Marta","twitter_card":"summary_large_image","twitter_creator":"@factoriacanabal","twitter_site":"@factoriacanabal","twitter_misc":{"Escrit per":"Marta","Temps estimat de lectura":"8 minuts"},"schema":{"@context":"https:\/\/schema.org","@graph":[{"@type":"Article","@id":"https:\/\/factoriacanabal.com\/ca\/pvc-material-imbatible-cat\/#article","isPartOf":{"@id":"https:\/\/factoriacanabal.com\/ca\/pvc-material-imbatible-cat\/"},"author":{"name":"Marta","@id":"https:\/\/factoriacanabal.com\/#\/schema\/person\/64f4df18db917ef052ef0579cd07bce9"},"headline":"PVC &#8211; Un material imbatible","datePublished":"2021-11-25T08:20:18+00:00","dateModified":"2021-11-25T08:20:18+00:00","mainEntityOfPage":{"@id":"https:\/\/factoriacanabal.com\/ca\/pvc-material-imbatible-cat\/"},"wordCount":1867,"publisher":{"@id":"https:\/\/factoriacanabal.com\/#organization"},"image":{"@id":"https:\/\/factoriacanabal.com\/ca\/pvc-material-imbatible-cat\/#primaryimage"},"thumbnailUrl":"https:\/\/factoriacanabal.com\/wp-content\/uploads\/2021\/11\/pvc_imbatible.jpeg","articleSection":["Not\u00edcies finestres"],"inLanguage":"ca"},{"@type":"WebPage","@id":"https:\/\/factoriacanabal.com\/ca\/pvc-material-imbatible-cat\/","url":"https:\/\/factoriacanabal.com\/ca\/pvc-material-imbatible-cat\/","name":"PVC - Un material imbatible &#8211; Factoria Canabal","isPartOf":{"@id":"https:\/\/factoriacanabal.com\/#website"},"primaryImageOfPage":{"@id":"https:\/\/factoriacanabal.com\/ca\/pvc-material-imbatible-cat\/#primaryimage"},"image":{"@id":"https:\/\/factoriacanabal.com\/ca\/pvc-material-imbatible-cat\/#primaryimage"},"thumbnailUrl":"https:\/\/factoriacanabal.com\/wp-content\/uploads\/2021\/11\/pvc_imbatible.jpeg","datePublished":"2021-11-25T08:20:18+00:00","dateModified":"2021-11-25T08:20:18+00:00","description":"Finstral \u00e9s l'\u00fanic fabricant de finestres que utilitza en tots els seus productes un nucli de PVC. Sempre. Una xerrada amb Joachim Oberrauch.","breadcrumb":{"@id":"https:\/\/factoriacanabal.com\/ca\/pvc-material-imbatible-cat\/#breadcrumb"},"inLanguage":"ca","potentialAction":[{"@type":"ReadAction","target":["https:\/\/factoriacanabal.com\/ca\/pvc-material-imbatible-cat\/"]}]},{"@type":"ImageObject","inLanguage":"ca","@id":"https:\/\/factoriacanabal.com\/ca\/pvc-material-imbatible-cat\/#primaryimage","url":"https:\/\/factoriacanabal.com\/wp-content\/uploads\/2021\/11\/pvc_imbatible.jpeg","contentUrl":"https:\/\/factoriacanabal.com\/wp-content\/uploads\/2021\/11\/pvc_imbatible.jpeg","width":1920,"height":840},{"@type":"BreadcrumbList","@id":"https:\/\/factoriacanabal.com\/ca\/pvc-material-imbatible-cat\/#breadcrumb","itemListElement":[{"@type":"ListItem","position":1,"name":"Inici","item":"https:\/\/factoriacanabal.com\/ca\/inici\/"},{"@type":"ListItem","position":2,"name":"PVC &#8211; Un material imbatible"}]},{"@type":"WebSite","@id":"https:\/\/factoriacanabal.com\/#website","url":"https:\/\/factoriacanabal.com\/","name":"Factoria Canabal","description":"Finstral Partner Studio","publisher":{"@id":"https:\/\/factoriacanabal.com\/#organization"},"potentialAction":[{"@type":"SearchAction","target":{"@type":"EntryPoint","urlTemplate":"https:\/\/factoriacanabal.com\/?s={search_term_string}"},"query-input":{"@type":"PropertyValueSpecification","valueRequired":true,"valueName":"search_term_string"}}],"inLanguage":"ca"},{"@type":"Organization","@id":"https:\/\/factoriacanabal.com\/#organization","name":"Factoria Canabal","url":"https:\/\/factoriacanabal.com\/","logo":{"@type":"ImageObject","inLanguage":"ca","@id":"https:\/\/factoriacanabal.com\/#\/schema\/logo\/image\/","url":"https:\/\/factoriacanabal.com\/wp-content\/uploads\/2018\/11\/logo_cabecera.jpg","contentUrl":"https:\/\/factoriacanabal.com\/wp-content\/uploads\/2018\/11\/logo_cabecera.jpg","width":340,"height":156,"caption":"Factoria Canabal"},"image":{"@id":"https:\/\/factoriacanabal.com\/#\/schema\/logo\/image\/"},"sameAs":["https:\/\/www.facebook.com\/factoriacanabal\/","https:\/\/x.com\/factoriacanabal","https:\/\/www.youtube.com\/user\/Factoriavidres"]},{"@type":"Person","@id":"https:\/\/factoriacanabal.com\/#\/schema\/person\/64f4df18db917ef052ef0579cd07bce9","name":"Marta","url":"https:\/\/factoriacanabal.com\/ca\/author\/marta\/"}]}},"_links":{"self":[{"href":"https:\/\/factoriacanabal.com\/ca\/wp-json\/wp\/v2\/posts\/20299"}],"collection":[{"href":"https:\/\/factoriacanabal.com\/ca\/wp-json\/wp\/v2\/posts"}],"about":[{"href":"https:\/\/factoriacanabal.com\/ca\/wp-json\/wp\/v2\/types\/post"}],"author":[{"embeddable":true,"href":"https:\/\/factoriacanabal.com\/ca\/wp-json\/wp\/v2\/users\/3"}],"replies":[{"embeddable":true,"href":"https:\/\/factoriacanabal.com\/ca\/wp-json\/wp\/v2\/comments?post=20299"}],"version-history":[{"count":2,"href":"https:\/\/factoriacanabal.com\/ca\/wp-json\/wp\/v2\/posts\/20299\/revisions"}],"predecessor-version":[{"id":20301,"href":"https:\/\/factoriacanabal.com\/ca\/wp-json\/wp\/v2\/posts\/20299\/revisions\/20301"}],"wp:featuredmedia":[{"embeddable":true,"href":"https:\/\/factoriacanabal.com\/ca\/wp-json\/wp\/v2\/media\/20228"}],"wp:attachment":[{"href":"https:\/\/factoriacanabal.com\/ca\/wp-json\/wp\/v2\/media?parent=20299"}],"wp:term":[{"taxonomy":"category","embeddable":true,"href":"https:\/\/factoriacanabal.com\/ca\/wp-json\/wp\/v2\/categories?post=20299"},{"taxonomy":"post_tag","embeddable":true,"href":"https:\/\/factoriacanabal.com\/ca\/wp-json\/wp\/v2\/tags?post=20299"}],"curies":[{"name":"wp","href":"https:\/\/api.w.org\/{rel}","templated":true}]}}