{"id":24044,"date":"2022-04-22T12:02:31","date_gmt":"2022-04-22T12:02:31","guid":{"rendered":"https:\/\/factoriacanabal.com\/?p=24044"},"modified":"2022-06-22T06:20:34","modified_gmt":"2022-06-22T06:20:34","slug":"la-sostenibilitat-un-dels-nostres-principals-valors-2","status":"publish","type":"post","link":"https:\/\/factoriacanabal.com\/ca\/la-sostenibilitat-un-dels-nostres-principals-valors-2\/","title":{"rendered":"La sostenibilitat. Un dels nostres principals valors"},"content":{"rendered":"<h3><strong>La sostenibilitat \u00e9s un dels nostres principals valors, per aix\u00f2, tots els nostres productes i instal\u00b7lacions tracten de cuidar el m\u00e9s m\u00ednim detall i promoure la sostenibilitat.<\/strong><\/h3>\n<p>&nbsp;<\/p>\n<p><span style=\"font-weight: 400;\">L&#8217;equip de <\/span><a href=\"https:\/\/factoriacanabal.com\/\" target=\"_blank\" rel=\"noopener\"><b>Factoria Canabal<\/b><\/a><span style=\"font-weight: 400;\"> vol celebrar el <\/span><b>Dia Mundial de la Terra (22 d&#8217;abril)<\/b><span style=\"font-weight: 400;\">\u00a0mostrant-te com aportem el nostre granet de sorra a la lluita per la sostenibilitat del planeta.<\/span><\/p>\n<p><span style=\"font-weight: 400;\">La sostenibilitat es resumeix en l&#8217;equilibri <\/span><b>d&#8217;una esp\u00e8cie amb els recursos del seu entorn<\/b><span style=\"font-weight: 400;\">. La majoria dels nostres productes, materials i recursos de la nostra marca <a href=\"https:\/\/www.finstral.com\/es\/home\/1-0.html\" target=\"_blank\" rel=\"noopener\"><strong>Finstral<\/strong><\/a> tenen aquest principi, a continuaci\u00f3 t\u2019 ho mostrem.\u00a0\u00a0<\/span><\/p>\n<p>&nbsp;<\/p>\n<h4><strong>FES DE LA TEVA LLAR UN LLOC SOSTENIBLE\u00a0<\/strong><\/h4>\n<p><span style=\"font-weight: 400;\">Cuidar i respectar el <\/span><b>medi ambient<\/b><span style=\"font-weight: 400;\"> \u00e9s cosa de tots, per aix\u00f2 a part d&#8217;utilitzar productes que segueixin el principi de sostenibilitat, volem ser una marca referent perqu\u00e8 les altres puguin prendre exemple, igual que tamb\u00e9 prenguin consci\u00e8ncia els clients. La nostra llarga experi\u00e8ncia en el sector ens facilita l&#8217;oportunitat d&#8217;oferir la millor qualitat del mercat per a la instal\u00b7laci\u00f3 i els muntatges per a la teva casa. Els productes estrelles que s\u00f3n els protagonistes d&#8217;aportar la sostenibilitat que li falta a la teva llar s\u00f3n l&#8217;alumini i el PVC, materials que compten amb caracter\u00edstiques que afavoreixen a cura del medi ambient.\u00a0<\/span><\/p>\n<p><span style=\"font-weight: 400;\">La caracter\u00edstica m\u00e9s important de l&#8217;alumini i del PVC \u00e9s que s\u00f3n totalment <\/span><b>ecol\u00f2gics<\/b><span style=\"font-weight: 400;\"> i <\/span><b>100% reciclables.<\/b><span style=\"font-weight: 400;\"> A m\u00e9s s\u00f3n molt adequats per a la instal\u00b7laci\u00f3 d&#8217; <\/span><b>estructures de baix consum<\/b><span style=\"font-weight: 400;\">, amb la selecci\u00f3 d&#8217;un sistema adequat. Un altre de les dades m\u00e9s importants \u00e9s que aquests materials s\u00f3n bons <\/span><b>a\u00efllants de la calor<\/b><span style=\"font-weight: 400;\">, per la qual cosa no haur\u00e0s de consumir energia i es podr\u00e0 mantenir un <\/span><b>ambient c\u00e0lid a la teva llar<\/b><span style=\"font-weight: 400;\"> d&#8217;una manera sostenible. Tenen altes propietats d&#8217;a\u00efllament t\u00e8rmic, amb valors totals que van des de 2,3 fins a 1,1 W \/ m2K. <\/span><\/p>\n<p>&nbsp;<\/p>\n<h4><strong>MATERIALS PER A VIURE EN UNA LLAR SOSTENIBLE<\/strong><\/h4>\n<p><span style=\"font-weight: 400;\">Triar materials com l&#8217;alumini o el PVC per a la teva llar \u00e9s la millor opci\u00f3 perqu\u00e8, a part de <\/span><b>col\u00b7laborar amb la cura del medi ambient<\/b><span style=\"font-weight: 400;\">, tenen altres avantatges. Unes altres de les caracter\u00edstiques m\u00e9s importants i curioses \u00e9s que, es tracten de <\/span><b>materials lleugers, ferms, accessibles i resistents a la corrosi\u00f3, al desgast, etc<\/b><span style=\"font-weight: 400;\">. A m\u00e9s s\u00f3n molt resistents a la flexi\u00f3 i aptes per a portes de majors dimensions. Una altra de les caracter\u00edstiques que considerem molt important d&#8217;aquests productes \u00e9s la <\/span><b>resist\u00e8ncia al canvi de color<\/b><span style=\"font-weight: 400;\">, fins i tot amb <\/span><b>l&#8217;exposici\u00f3 prolongada a temperatures m\u00e9s altes<\/b><span style=\"font-weight: 400;\">.<\/span><\/p>\n<p>&nbsp;<\/p>\n<p><span style=\"font-weight: 400;\">Aix\u00ed doncs, tot aix\u00f2 i molts m\u00e9s avantatges estan al teu abast en <\/span><a href=\"https:\/\/factoriacanabal.com\/\" target=\"_blank\" rel=\"noopener\"><b>Factoria Canabal<\/b><\/a><span style=\"font-weight: 400;\">. Si tens algun dubte o consulta, no dubtis a posar-te en <\/span><a href=\"https:\/\/factoriacanabal.com\/contacto\/\" target=\"_blank\" rel=\"noopener\"><b>contacte amb nosaltres<\/b><\/a><span style=\"font-weight: 400;\">.\u00a0<\/span><\/p>\n","protected":false},"excerpt":{"rendered":"<p>La sostenibilitat \u00e9s un dels nostres principals valors, per aix\u00f2, tots els nostres productes i instal\u00b7lacions tracten de cuidar el m\u00e9s m\u00ednim detall i promoure la sostenibilitat. &nbsp; L&#8217;equip de Factoria Canabal vol celebrar el Dia Mundial de la Terra (22 d&#8217;abril)\u00a0mostrant-te com aportem el nostre granet de sorra a la lluita per la sostenibilitat [&hellip;]<\/p>\n","protected":false},"author":8,"featured_media":22970,"comment_status":"closed","ping_status":"open","sticky":false,"template":"","format":"standard","meta":{"_et_pb_use_builder":"","_et_pb_old_content":"","_et_gb_content_width":"","_monsterinsights_skip_tracking":false,"_monsterinsights_sitenote_active":false,"_monsterinsights_sitenote_note":"","_monsterinsights_sitenote_category":0,"footnotes":""},"categories":[274],"tags":[376,373,370,367,368,352,369,371,374,375,372,356],"class_list":["post-24044","post","type-post","status-publish","format-standard","has-post-thumbnail","hentry","category-finstral-ca","tag-aislacion-termica-ca","tag-alumnio-ca","tag-cura-del-planeta","tag-dia-mundial-de-la-terra","tag-ecologic","tag-factoria-canabal-ca","tag-medi-ambient","tag-primera-qualitat","tag-pvc-ca","tag-reciclable-ca","tag-resistents","tag-sostenibilitat"],"yoast_head":"<!-- This site is optimized with the Yoast SEO plugin v24.2 - https:\/\/yoast.com\/wordpress\/plugins\/seo\/ -->\n<title>La sostenibilitat. Un dels nostres principals valors &#8211; Factoria Canabal<\/title>\n<meta name=\"description\" content=\"La sostenibilitat \u00e9s un dels nostres principals valors, per aix\u00f2, tractem de cuidar el m\u00e9s m\u00ednim detall i promoure la sostenibilitat.\" \/>\n<meta name=\"robots\" content=\"index, follow, max-snippet:-1, max-image-preview:large, max-video-preview:-1\" \/>\n<link rel=\"canonical\" href=\"https:\/\/factoriacanabal.com\/la-sostenibilidad-uno-de-nuestros-principales-valores\/\" \/>\n<meta property=\"og:locale\" content=\"ca_ES\" \/>\n<meta property=\"og:type\" content=\"article\" \/>\n<meta property=\"og:title\" content=\"La sostenibilitat. Un dels nostres principals valors &#8211; Factoria Canabal\" \/>\n<meta property=\"og:description\" content=\"La sostenibilitat \u00e9s un dels nostres principals valors, per aix\u00f2, tractem de cuidar el m\u00e9s m\u00ednim detall i promoure la sostenibilitat.\" \/>\n<meta property=\"og:url\" content=\"https:\/\/factoriacanabal.com\/la-sostenibilidad-uno-de-nuestros-principales-valores\/\" \/>\n<meta property=\"og:site_name\" content=\"Factoria Canabal\" \/>\n<meta property=\"article:publisher\" content=\"https:\/\/www.facebook.com\/factoriacanabal\/\" \/>\n<meta property=\"article:published_time\" content=\"2022-04-22T12:02:31+00:00\" \/>\n<meta property=\"article:modified_time\" content=\"2022-06-22T06:20:34+00:00\" \/>\n<meta property=\"og:image\" content=\"https:\/\/factoriacanabal.com\/wp-content\/uploads\/2022\/04\/bellafinestra.jpg\" \/>\n\t<meta property=\"og:image:width\" content=\"1000\" \/>\n\t<meta property=\"og:image:height\" content=\"500\" \/>\n\t<meta property=\"og:image:type\" content=\"image\/jpeg\" \/>\n<meta name=\"author\" content=\"Factoria Canabal\" \/>\n<meta name=\"twitter:card\" content=\"summary_large_image\" \/>\n<meta name=\"twitter:creator\" content=\"@factoriacanabal\" \/>\n<meta name=\"twitter:site\" content=\"@factoriacanabal\" \/>\n<meta name=\"twitter:label1\" content=\"Escrit per\" \/>\n\t<meta name=\"twitter:data1\" content=\"Factoria Canabal\" \/>\n\t<meta name=\"twitter:label2\" content=\"Temps estimat de lectura\" \/>\n\t<meta name=\"twitter:data2\" content=\"2 minuts\" \/>\n<script type=\"application\/ld+json\" class=\"yoast-schema-graph\">{\"@context\":\"https:\/\/schema.org\",\"@graph\":[{\"@type\":\"Article\",\"@id\":\"https:\/\/factoriacanabal.com\/la-sostenibilidad-uno-de-nuestros-principales-valores\/#article\",\"isPartOf\":{\"@id\":\"https:\/\/factoriacanabal.com\/la-sostenibilidad-uno-de-nuestros-principales-valores\/\"},\"author\":{\"name\":\"Factoria Canabal\",\"@id\":\"https:\/\/factoriacanabal.com\/#\/schema\/person\/0aae024bd8639e72eee6505dab39afbe\"},\"headline\":\"La sostenibilitat. Un dels nostres principals valors\",\"datePublished\":\"2022-04-22T12:02:31+00:00\",\"dateModified\":\"2022-06-22T06:20:34+00:00\",\"mainEntityOfPage\":{\"@id\":\"https:\/\/factoriacanabal.com\/la-sostenibilidad-uno-de-nuestros-principales-valores\/\"},\"wordCount\":491,\"publisher\":{\"@id\":\"https:\/\/factoriacanabal.com\/#organization\"},\"image\":{\"@id\":\"https:\/\/factoriacanabal.com\/la-sostenibilidad-uno-de-nuestros-principales-valores\/#primaryimage\"},\"thumbnailUrl\":\"https:\/\/factoriacanabal.com\/wp-content\/uploads\/2022\/04\/bellafinestra.jpg\",\"keywords\":[\"aislaci\u00f3n t\u00e9rmica\",\"alumnio\",\"cura del planeta\",\"dia mundial de la terra\",\"ecol\u00f2gic\",\"Factoria Canabal\",\"medi ambient\",\"primera qualitat\",\"pvc\",\"reciclable\",\"resistents\",\"sostenibilitat\"],\"articleSection\":[\"Finstral\"],\"inLanguage\":\"ca\"},{\"@type\":\"WebPage\",\"@id\":\"https:\/\/factoriacanabal.com\/la-sostenibilidad-uno-de-nuestros-principales-valores\/\",\"url\":\"https:\/\/factoriacanabal.com\/la-sostenibilidad-uno-de-nuestros-principales-valores\/\",\"name\":\"La sostenibilitat. Un dels nostres principals valors &#8211; Factoria Canabal\",\"isPartOf\":{\"@id\":\"https:\/\/factoriacanabal.com\/#website\"},\"primaryImageOfPage\":{\"@id\":\"https:\/\/factoriacanabal.com\/la-sostenibilidad-uno-de-nuestros-principales-valores\/#primaryimage\"},\"image\":{\"@id\":\"https:\/\/factoriacanabal.com\/la-sostenibilidad-uno-de-nuestros-principales-valores\/#primaryimage\"},\"thumbnailUrl\":\"https:\/\/factoriacanabal.com\/wp-content\/uploads\/2022\/04\/bellafinestra.jpg\",\"datePublished\":\"2022-04-22T12:02:31+00:00\",\"dateModified\":\"2022-06-22T06:20:34+00:00\",\"description\":\"La sostenibilitat \u00e9s un dels nostres principals valors, per aix\u00f2, tractem de cuidar el m\u00e9s m\u00ednim detall i promoure la sostenibilitat.\",\"breadcrumb\":{\"@id\":\"https:\/\/factoriacanabal.com\/la-sostenibilidad-uno-de-nuestros-principales-valores\/#breadcrumb\"},\"inLanguage\":\"ca\",\"potentialAction\":[{\"@type\":\"ReadAction\",\"target\":[\"https:\/\/factoriacanabal.com\/la-sostenibilidad-uno-de-nuestros-principales-valores\/\"]}]},{\"@type\":\"ImageObject\",\"inLanguage\":\"ca\",\"@id\":\"https:\/\/factoriacanabal.com\/la-sostenibilidad-uno-de-nuestros-principales-valores\/#primaryimage\",\"url\":\"https:\/\/factoriacanabal.com\/wp-content\/uploads\/2022\/04\/bellafinestra.jpg\",\"contentUrl\":\"https:\/\/factoriacanabal.com\/wp-content\/uploads\/2022\/04\/bellafinestra.jpg\",\"width\":1000,\"height\":500,\"caption\":\"La sostenibilitat. Un dels nostres principals valors\"},{\"@type\":\"BreadcrumbList\",\"@id\":\"https:\/\/factoriacanabal.com\/la-sostenibilidad-uno-de-nuestros-principales-valores\/#breadcrumb\",\"itemListElement\":[{\"@type\":\"ListItem\",\"position\":1,\"name\":\"Inici\",\"item\":\"https:\/\/factoriacanabal.com\/ca\/inici\/\"},{\"@type\":\"ListItem\",\"position\":2,\"name\":\"La sostenibilitat. Un dels nostres principals valors\"}]},{\"@type\":\"WebSite\",\"@id\":\"https:\/\/factoriacanabal.com\/#website\",\"url\":\"https:\/\/factoriacanabal.com\/\",\"name\":\"Factoria Canabal\",\"description\":\"Finstral Partner Studio\",\"publisher\":{\"@id\":\"https:\/\/factoriacanabal.com\/#organization\"},\"potentialAction\":[{\"@type\":\"SearchAction\",\"target\":{\"@type\":\"EntryPoint\",\"urlTemplate\":\"https:\/\/factoriacanabal.com\/?s={search_term_string}\"},\"query-input\":{\"@type\":\"PropertyValueSpecification\",\"valueRequired\":true,\"valueName\":\"search_term_string\"}}],\"inLanguage\":\"ca\"},{\"@type\":\"Organization\",\"@id\":\"https:\/\/factoriacanabal.com\/#organization\",\"name\":\"Factoria Canabal\",\"url\":\"https:\/\/factoriacanabal.com\/\",\"logo\":{\"@type\":\"ImageObject\",\"inLanguage\":\"ca\",\"@id\":\"https:\/\/factoriacanabal.com\/#\/schema\/logo\/image\/\",\"url\":\"https:\/\/factoriacanabal.com\/wp-content\/uploads\/2018\/11\/logo_cabecera.jpg\",\"contentUrl\":\"https:\/\/factoriacanabal.com\/wp-content\/uploads\/2018\/11\/logo_cabecera.jpg\",\"width\":340,\"height\":156,\"caption\":\"Factoria Canabal\"},\"image\":{\"@id\":\"https:\/\/factoriacanabal.com\/#\/schema\/logo\/image\/\"},\"sameAs\":[\"https:\/\/www.facebook.com\/factoriacanabal\/\",\"https:\/\/x.com\/factoriacanabal\",\"https:\/\/www.youtube.com\/user\/Factoriavidres\"]},{\"@type\":\"Person\",\"@id\":\"https:\/\/factoriacanabal.com\/#\/schema\/person\/0aae024bd8639e72eee6505dab39afbe\",\"name\":\"Factoria Canabal\",\"url\":\"https:\/\/factoriacanabal.com\/ca\/author\/canabal\/\"}]}<\/script>\n<!-- \/ Yoast SEO plugin. -->","yoast_head_json":{"title":"La sostenibilitat. Un dels nostres principals valors &#8211; Factoria Canabal","description":"La sostenibilitat \u00e9s un dels nostres principals valors, per aix\u00f2, tractem de cuidar el m\u00e9s m\u00ednim detall i promoure la sostenibilitat.","robots":{"index":"index","follow":"follow","max-snippet":"max-snippet:-1","max-image-preview":"max-image-preview:large","max-video-preview":"max-video-preview:-1"},"canonical":"https:\/\/factoriacanabal.com\/la-sostenibilidad-uno-de-nuestros-principales-valores\/","og_locale":"ca_ES","og_type":"article","og_title":"La sostenibilitat. Un dels nostres principals valors &#8211; Factoria Canabal","og_description":"La sostenibilitat \u00e9s un dels nostres principals valors, per aix\u00f2, tractem de cuidar el m\u00e9s m\u00ednim detall i promoure la sostenibilitat.","og_url":"https:\/\/factoriacanabal.com\/la-sostenibilidad-uno-de-nuestros-principales-valores\/","og_site_name":"Factoria Canabal","article_publisher":"https:\/\/www.facebook.com\/factoriacanabal\/","article_published_time":"2022-04-22T12:02:31+00:00","article_modified_time":"2022-06-22T06:20:34+00:00","og_image":[{"width":1000,"height":500,"url":"https:\/\/factoriacanabal.com\/wp-content\/uploads\/2022\/04\/bellafinestra.jpg","type":"image\/jpeg"}],"author":"Factoria Canabal","twitter_card":"summary_large_image","twitter_creator":"@factoriacanabal","twitter_site":"@factoriacanabal","twitter_misc":{"Escrit per":"Factoria Canabal","Temps estimat de lectura":"2 minuts"},"schema":{"@context":"https:\/\/schema.org","@graph":[{"@type":"Article","@id":"https:\/\/factoriacanabal.com\/la-sostenibilidad-uno-de-nuestros-principales-valores\/#article","isPartOf":{"@id":"https:\/\/factoriacanabal.com\/la-sostenibilidad-uno-de-nuestros-principales-valores\/"},"author":{"name":"Factoria Canabal","@id":"https:\/\/factoriacanabal.com\/#\/schema\/person\/0aae024bd8639e72eee6505dab39afbe"},"headline":"La sostenibilitat. Un dels nostres principals valors","datePublished":"2022-04-22T12:02:31+00:00","dateModified":"2022-06-22T06:20:34+00:00","mainEntityOfPage":{"@id":"https:\/\/factoriacanabal.com\/la-sostenibilidad-uno-de-nuestros-principales-valores\/"},"wordCount":491,"publisher":{"@id":"https:\/\/factoriacanabal.com\/#organization"},"image":{"@id":"https:\/\/factoriacanabal.com\/la-sostenibilidad-uno-de-nuestros-principales-valores\/#primaryimage"},"thumbnailUrl":"https:\/\/factoriacanabal.com\/wp-content\/uploads\/2022\/04\/bellafinestra.jpg","keywords":["aislaci\u00f3n t\u00e9rmica","alumnio","cura del planeta","dia mundial de la terra","ecol\u00f2gic","Factoria Canabal","medi ambient","primera qualitat","pvc","reciclable","resistents","sostenibilitat"],"articleSection":["Finstral"],"inLanguage":"ca"},{"@type":"WebPage","@id":"https:\/\/factoriacanabal.com\/la-sostenibilidad-uno-de-nuestros-principales-valores\/","url":"https:\/\/factoriacanabal.com\/la-sostenibilidad-uno-de-nuestros-principales-valores\/","name":"La sostenibilitat. Un dels nostres principals valors &#8211; Factoria Canabal","isPartOf":{"@id":"https:\/\/factoriacanabal.com\/#website"},"primaryImageOfPage":{"@id":"https:\/\/factoriacanabal.com\/la-sostenibilidad-uno-de-nuestros-principales-valores\/#primaryimage"},"image":{"@id":"https:\/\/factoriacanabal.com\/la-sostenibilidad-uno-de-nuestros-principales-valores\/#primaryimage"},"thumbnailUrl":"https:\/\/factoriacanabal.com\/wp-content\/uploads\/2022\/04\/bellafinestra.jpg","datePublished":"2022-04-22T12:02:31+00:00","dateModified":"2022-06-22T06:20:34+00:00","description":"La sostenibilitat \u00e9s un dels nostres principals valors, per aix\u00f2, tractem de cuidar el m\u00e9s m\u00ednim detall i promoure la sostenibilitat.","breadcrumb":{"@id":"https:\/\/factoriacanabal.com\/la-sostenibilidad-uno-de-nuestros-principales-valores\/#breadcrumb"},"inLanguage":"ca","potentialAction":[{"@type":"ReadAction","target":["https:\/\/factoriacanabal.com\/la-sostenibilidad-uno-de-nuestros-principales-valores\/"]}]},{"@type":"ImageObject","inLanguage":"ca","@id":"https:\/\/factoriacanabal.com\/la-sostenibilidad-uno-de-nuestros-principales-valores\/#primaryimage","url":"https:\/\/factoriacanabal.com\/wp-content\/uploads\/2022\/04\/bellafinestra.jpg","contentUrl":"https:\/\/factoriacanabal.com\/wp-content\/uploads\/2022\/04\/bellafinestra.jpg","width":1000,"height":500,"caption":"La sostenibilitat. Un dels nostres principals valors"},{"@type":"BreadcrumbList","@id":"https:\/\/factoriacanabal.com\/la-sostenibilidad-uno-de-nuestros-principales-valores\/#breadcrumb","itemListElement":[{"@type":"ListItem","position":1,"name":"Inici","item":"https:\/\/factoriacanabal.com\/ca\/inici\/"},{"@type":"ListItem","position":2,"name":"La sostenibilitat. Un dels nostres principals valors"}]},{"@type":"WebSite","@id":"https:\/\/factoriacanabal.com\/#website","url":"https:\/\/factoriacanabal.com\/","name":"Factoria Canabal","description":"Finstral Partner Studio","publisher":{"@id":"https:\/\/factoriacanabal.com\/#organization"},"potentialAction":[{"@type":"SearchAction","target":{"@type":"EntryPoint","urlTemplate":"https:\/\/factoriacanabal.com\/?s={search_term_string}"},"query-input":{"@type":"PropertyValueSpecification","valueRequired":true,"valueName":"search_term_string"}}],"inLanguage":"ca"},{"@type":"Organization","@id":"https:\/\/factoriacanabal.com\/#organization","name":"Factoria Canabal","url":"https:\/\/factoriacanabal.com\/","logo":{"@type":"ImageObject","inLanguage":"ca","@id":"https:\/\/factoriacanabal.com\/#\/schema\/logo\/image\/","url":"https:\/\/factoriacanabal.com\/wp-content\/uploads\/2018\/11\/logo_cabecera.jpg","contentUrl":"https:\/\/factoriacanabal.com\/wp-content\/uploads\/2018\/11\/logo_cabecera.jpg","width":340,"height":156,"caption":"Factoria Canabal"},"image":{"@id":"https:\/\/factoriacanabal.com\/#\/schema\/logo\/image\/"},"sameAs":["https:\/\/www.facebook.com\/factoriacanabal\/","https:\/\/x.com\/factoriacanabal","https:\/\/www.youtube.com\/user\/Factoriavidres"]},{"@type":"Person","@id":"https:\/\/factoriacanabal.com\/#\/schema\/person\/0aae024bd8639e72eee6505dab39afbe","name":"Factoria Canabal","url":"https:\/\/factoriacanabal.com\/ca\/author\/canabal\/"}]}},"_links":{"self":[{"href":"https:\/\/factoriacanabal.com\/ca\/wp-json\/wp\/v2\/posts\/24044"}],"collection":[{"href":"https:\/\/factoriacanabal.com\/ca\/wp-json\/wp\/v2\/posts"}],"about":[{"href":"https:\/\/factoriacanabal.com\/ca\/wp-json\/wp\/v2\/types\/post"}],"author":[{"embeddable":true,"href":"https:\/\/factoriacanabal.com\/ca\/wp-json\/wp\/v2\/users\/8"}],"replies":[{"embeddable":true,"href":"https:\/\/factoriacanabal.com\/ca\/wp-json\/wp\/v2\/comments?post=24044"}],"version-history":[{"count":3,"href":"https:\/\/factoriacanabal.com\/ca\/wp-json\/wp\/v2\/posts\/24044\/revisions"}],"predecessor-version":[{"id":24047,"href":"https:\/\/factoriacanabal.com\/ca\/wp-json\/wp\/v2\/posts\/24044\/revisions\/24047"}],"wp:featuredmedia":[{"embeddable":true,"href":"https:\/\/factoriacanabal.com\/ca\/wp-json\/wp\/v2\/media\/22970"}],"wp:attachment":[{"href":"https:\/\/factoriacanabal.com\/ca\/wp-json\/wp\/v2\/media?parent=24044"}],"wp:term":[{"taxonomy":"category","embeddable":true,"href":"https:\/\/factoriacanabal.com\/ca\/wp-json\/wp\/v2\/categories?post=24044"},{"taxonomy":"post_tag","embeddable":true,"href":"https:\/\/factoriacanabal.com\/ca\/wp-json\/wp\/v2\/tags?post=24044"}],"curies":[{"name":"wp","href":"https:\/\/api.w.org\/{rel}","templated":true}]}}