{"id":26032,"date":"2022-08-12T06:24:38","date_gmt":"2022-08-12T06:24:38","guid":{"rendered":"https:\/\/factoriacanabal.com\/?p=26032"},"modified":"2022-09-12T06:37:06","modified_gmt":"2022-09-12T06:37:06","slug":"troba-la-finestra-perfecta-per-a-casa","status":"publish","type":"post","link":"https:\/\/factoriacanabal.com\/ca\/troba-la-finestra-perfecta-per-a-casa\/","title":{"rendered":"Troba la finestra perfecta per a casa"},"content":{"rendered":"<h2><b>A Factoria Canabal disposem d\u2019un dels cat\u00e0legs m\u00e9s amplis de finestres<\/b><\/h2>\n<p>&nbsp;<\/p>\n<p><span style=\"font-weight: 400;\">Setembre es caracteritza per ser un dels mesos m\u00e9s calorosos i humits de l&#8217;estiu. Aquesta extrema condici\u00f3 clim\u00e0tica fa que sigui important comptar amb finestres que a\u00efllin els espais de manera adequada i que alhora, deixin passar la llum i l&#8217;aire quan es necessiti. Per aix\u00f2, en aquesta entrada de <\/span><a href=\"https:\/\/factoriacanabal.com\/ventanas\/\" target=\"_blank\" rel=\"noopener\"><strong>Factoria Canabal <\/strong><\/a><span style=\"font-weight: 400;\">et volem mostrar les diferents finestres d&#8217;excepcional qualitat amb les quals comptem. A m\u00e9s, amb nosaltres trobar\u00e0s la finestra que millor s&#8217;adapti a les teves necessitats i estil. A continuaci\u00f3:\u00a0<\/span><\/p>\n<p>&nbsp;<\/p>\n<h4><b>Finestres de PVC<\/b><\/h4>\n<p><span style=\"font-weight: 400;\">El <\/span><a href=\"https:\/\/www.finstral.com\/es\/ventanas\/la-gama-de-ventanas\/ventanas-y-puertas-balconeras-de-pvc\/24-0.html\" target=\"_blank\" rel=\"noopener\"><span style=\"font-weight: 400;\">PVC<\/span><\/a><span style=\"font-weight: 400;\"> \u00e9s un material que a\u00eflla perfectament, el seu manteniment \u00e9s f\u00e0cil, \u00e9s durador i reciclable. Tot el proc\u00e9s de fabricaci\u00f3 es realitza a Finstral, per aix\u00f2 trobar\u00e0s la m\u00e0xima qualitat en aquesta mena de finestres.<\/span><\/p>\n<p><span style=\"font-weight: 400;\">\u00a0<\/span><\/p>\n<h4><b>Ventanas de Aluminio-PVC<\/b><\/h4>\n<p><span style=\"font-weight: 400;\">Si revestim una finestra de <\/span><a href=\"https:\/\/www.finstral.com\/es\/ventanas\/la-gama-de-ventanas\/ventanas-y-puertas-balconeras-de-aluminio-pvc\/161-0.html\" target=\"_blank\" rel=\"noopener\"><span style=\"font-weight: 400;\">PVC amb alumini<\/span><\/a><span style=\"font-weight: 400;\">, la finestra millora significativament pel fet que l&#8217;alumini ofereix una \u00e0mplia gamma crom\u00e0tica i una major resist\u00e8ncia a la intemp\u00e8rie. L&#8217;exterior de la finestra ser\u00e0 d&#8217;alumini, i l&#8217;interior ser\u00e0 de PVC.<\/span><\/p>\n<p><span style=\"font-weight: 400;\">\u00a0<\/span><\/p>\n<h4><b>Ventanas de Aluminio<\/b><\/h4>\n<p><span style=\"font-weight: 400;\">Les finestres de Finstral d&#8217;<\/span><a href=\"https:\/\/www.finstral.com\/es\/ventanas\/la-gama-de-ventanas\/ventanas-y-puertas-balconeras-de-aluminio\/26-0.html\" target=\"_blank\" rel=\"noopener\"><span style=\"font-weight: 400;\">alumini<\/span><\/a><span style=\"font-weight: 400;\"> tenen una estructura modular, el client pot triar entre les nombroses formes de marcs i equipament, colors i materials innovadors. Finstral s&#8217;encarrega de fer-ho tot. Es combina l&#8217;est\u00e8tica moderna de l&#8217;alumini amb les propietats a\u00efllants del PVC.<\/span><\/p>\n<p><span style=\"font-weight: 400;\">\u00a0<\/span><\/p>\n<h4><b>Ventanas de madera<\/b><\/h4>\n<p><span style=\"font-weight: 400;\">En aquest tipus de finestres la <\/span><a href=\"https:\/\/www.finstral.com\/es\/ventanas\/la-gama-de-ventanas\/ventanas-y-puertas-balconeras-de-aluminio-madera\/162-0.html\" target=\"_blank\" rel=\"noopener\"><span style=\"font-weight: 400;\">fusta<\/span><\/a><span style=\"font-weight: 400;\"> \u00fanicament s&#8217;utilitza en\u00a0 la part interior, ja que es tracta d&#8217;un material que no \u00e9s molt resistent a la intemp\u00e8rie. Al centre de la finestra es troba un nucli de PVC perfectament a\u00efllant. I a l&#8217;exterior, es combina amb PVC o alumini. Aquest tipus de finestres aporten la calidesa que irradia la fusta a l&#8217;interior, i la durabilitat i resist\u00e8ncia de l&#8217;alumini o PVC en l&#8217;exterior.\u00a0<\/span><\/p>\n<p>&nbsp;<\/p>\n<h4><b>Ventanas de todo vidrio<\/b><\/h4>\n<p><span style=\"font-weight: 400;\">Es tracta d&#8217;una finestra on el <\/span><a href=\"https:\/\/www.finstral.com\/es\/ventanas\/la-gama-de-ventanas\/ventanas-y-puertas-balconeras-con-est%C3%A9tica-todo-vidrio\/163-0.html\" target=\"_blank\" rel=\"noopener\"><span style=\"font-weight: 400;\">vidre<\/span><\/a><span style=\"font-weight: 400;\"> \u00e9s l&#8217;\u00fanic protagonista, cobrint per complet el perfil de la fulla: cristall fins els extrems per l&#8217;interior i l&#8217;exterior. Gr\u00e0cies a Finstral trobar\u00e0s un a\u00efllament perfecte, la m\u00e0xima entrada de llum possible i una est\u00e8tica molt cuidada.\u00a0<\/span><\/p>\n<p>&nbsp;<\/p>\n<h4><b>Ventanas de ForRes<\/b><\/h4>\n<p><span style=\"font-weight: 400;\">Per a elaborar el material <a href=\"https:\/\/www.finstral.com\/es\/ventanas\/la-gama-de-ventanas\/ventanas-y-puertas-balconeras-de-forres\/43-0.html\" target=\"_blank\" rel=\"noopener\">ForRes<\/a> es barreja el PVC amb pela d&#8217;arr\u00f2s, un producte natural procedent de l&#8217;agricultura. El material resultant \u00e9s molt a\u00efllant i t\u00e9 una est\u00e8tica natural i agradable al tacte. La superf\u00edcie d&#8217;aquest material \u00e9s porosa pel que aporta un aspecte \u00fanic i un tacte agradable i natural.<\/span><\/p>\n","protected":false},"excerpt":{"rendered":"<p>A Factoria Canabal disposem d\u2019un dels cat\u00e0legs m\u00e9s amplis de finestres &nbsp; Setembre es caracteritza per ser un dels mesos m\u00e9s calorosos i humits de l&#8217;estiu. Aquesta extrema condici\u00f3 clim\u00e0tica fa que sigui important comptar amb finestres que a\u00efllin els espais de manera adequada i que alhora, deixin passar la llum i l&#8217;aire quan es [&hellip;]<\/p>\n","protected":false},"author":8,"featured_media":26034,"comment_status":"closed","ping_status":"open","sticky":false,"template":"","format":"standard","meta":{"_et_pb_use_builder":"","_et_pb_old_content":"","_et_gb_content_width":"","_monsterinsights_skip_tracking":false,"_monsterinsights_sitenote_active":false,"_monsterinsights_sitenote_note":"","_monsterinsights_sitenote_category":0,"footnotes":""},"categories":[251],"tags":[352,144,434,433,437,435,143,436,431,432],"class_list":["post-26032","post","type-post","status-publish","format-standard","has-post-thumbnail","hentry","category-finestres","tag-factoria-canabal-ca","tag-finestres-d-alumini","tag-finestres-dalumini","tag-finestres-dalumini-pvc","tag-finestres-de-forres","tag-finestres-de-fusta","tag-finestres-de-pvc","tag-finestres-de-tot-vidre","tag-finestres-finstral","tag-varietat-de-finestres"],"yoast_head":"<!-- This site is optimized with the Yoast SEO plugin v24.2 - https:\/\/yoast.com\/wordpress\/plugins\/seo\/ -->\n<title>Troba la finestra perfecta per a casa &#8211; Factoria Canabal<\/title>\n<meta name=\"description\" content=\"A Factoria Canabal us volem mostrar la finestra de qualitat que millor s&#039;adapti a les vostres necessitats i estil.\" \/>\n<meta name=\"robots\" content=\"index, follow, max-snippet:-1, max-image-preview:large, max-video-preview:-1\" \/>\n<link rel=\"canonical\" href=\"https:\/\/factoriacanabal.com\/encuentra-la-ventana-perfecta-para-tu-hogar\/\" \/>\n<meta property=\"og:locale\" content=\"ca_ES\" \/>\n<meta property=\"og:type\" content=\"article\" \/>\n<meta property=\"og:title\" content=\"Troba la finestra perfecta per a casa\" \/>\n<meta property=\"og:description\" content=\"A Factoria Canabal us volem mostrar la finestra de qualitat que millor s&#039;adapti a les vostres necessitats i estil.\" \/>\n<meta property=\"og:url\" content=\"https:\/\/factoriacanabal.com\/encuentra-la-ventana-perfecta-para-tu-hogar\/\" \/>\n<meta property=\"og:site_name\" content=\"Factoria Canabal\" \/>\n<meta property=\"article:publisher\" content=\"https:\/\/www.facebook.com\/factoriacanabal\/\" \/>\n<meta property=\"article:published_time\" content=\"2022-08-12T06:24:38+00:00\" \/>\n<meta property=\"article:modified_time\" content=\"2022-09-12T06:37:06+00:00\" \/>\n<meta property=\"og:image\" content=\"https:\/\/factoriacanabal.com\/wp-content\/uploads\/2022\/09\/Factoria-Canabal-Blog-Agosto-1.jpg\" \/>\n\t<meta property=\"og:image:width\" content=\"1000\" \/>\n\t<meta property=\"og:image:height\" content=\"500\" \/>\n\t<meta property=\"og:image:type\" content=\"image\/jpeg\" \/>\n<meta name=\"author\" content=\"Factoria Canabal\" \/>\n<meta name=\"twitter:card\" content=\"summary_large_image\" \/>\n<meta name=\"twitter:title\" content=\"Troba la finestra perfecta per a casa\" \/>\n<meta name=\"twitter:description\" content=\"A Factoria Canabal us volem mostrar la finestra de qualitat que millor s&#039;adapti a les vostres necessitats i estil.\" \/>\n<meta name=\"twitter:creator\" content=\"@factoriacanabal\" \/>\n<meta name=\"twitter:site\" content=\"@factoriacanabal\" \/>\n<meta name=\"twitter:label1\" content=\"Escrit per\" \/>\n\t<meta name=\"twitter:data1\" content=\"Factoria Canabal\" \/>\n\t<meta name=\"twitter:label2\" content=\"Temps estimat de lectura\" \/>\n\t<meta name=\"twitter:data2\" content=\"2 minuts\" \/>\n<script type=\"application\/ld+json\" class=\"yoast-schema-graph\">{\"@context\":\"https:\/\/schema.org\",\"@graph\":[{\"@type\":\"Article\",\"@id\":\"https:\/\/factoriacanabal.com\/encuentra-la-ventana-perfecta-para-tu-hogar\/#article\",\"isPartOf\":{\"@id\":\"https:\/\/factoriacanabal.com\/encuentra-la-ventana-perfecta-para-tu-hogar\/\"},\"author\":{\"name\":\"Factoria Canabal\",\"@id\":\"https:\/\/factoriacanabal.com\/#\/schema\/person\/0aae024bd8639e72eee6505dab39afbe\"},\"headline\":\"Troba la finestra perfecta per a casa\",\"datePublished\":\"2022-08-12T06:24:38+00:00\",\"dateModified\":\"2022-09-12T06:37:06+00:00\",\"mainEntityOfPage\":{\"@id\":\"https:\/\/factoriacanabal.com\/encuentra-la-ventana-perfecta-para-tu-hogar\/\"},\"wordCount\":465,\"publisher\":{\"@id\":\"https:\/\/factoriacanabal.com\/#organization\"},\"image\":{\"@id\":\"https:\/\/factoriacanabal.com\/encuentra-la-ventana-perfecta-para-tu-hogar\/#primaryimage\"},\"thumbnailUrl\":\"https:\/\/factoriacanabal.com\/wp-content\/uploads\/2022\/09\/Factoria-Canabal-Blog-Agosto-1.jpg\",\"keywords\":[\"Factoria Canabal\",\"finestres d' alumini\",\"Finestres d'Alumini\",\"Finestres d'Alumini-PVC\",\"Finestres de ForRes\",\"Finestres de fusta\",\"finestres de pvc\",\"Finestres de tot vidre\",\"finestres Finstral\",\"varietat de finestres\"],\"articleSection\":[\"Finestres\"],\"inLanguage\":\"ca\"},{\"@type\":\"WebPage\",\"@id\":\"https:\/\/factoriacanabal.com\/encuentra-la-ventana-perfecta-para-tu-hogar\/\",\"url\":\"https:\/\/factoriacanabal.com\/encuentra-la-ventana-perfecta-para-tu-hogar\/\",\"name\":\"Troba la finestra perfecta per a casa &#8211; Factoria Canabal\",\"isPartOf\":{\"@id\":\"https:\/\/factoriacanabal.com\/#website\"},\"primaryImageOfPage\":{\"@id\":\"https:\/\/factoriacanabal.com\/encuentra-la-ventana-perfecta-para-tu-hogar\/#primaryimage\"},\"image\":{\"@id\":\"https:\/\/factoriacanabal.com\/encuentra-la-ventana-perfecta-para-tu-hogar\/#primaryimage\"},\"thumbnailUrl\":\"https:\/\/factoriacanabal.com\/wp-content\/uploads\/2022\/09\/Factoria-Canabal-Blog-Agosto-1.jpg\",\"datePublished\":\"2022-08-12T06:24:38+00:00\",\"dateModified\":\"2022-09-12T06:37:06+00:00\",\"description\":\"A Factoria Canabal us volem mostrar la finestra de qualitat que millor s'adapti a les vostres necessitats i estil.\",\"breadcrumb\":{\"@id\":\"https:\/\/factoriacanabal.com\/encuentra-la-ventana-perfecta-para-tu-hogar\/#breadcrumb\"},\"inLanguage\":\"ca\",\"potentialAction\":[{\"@type\":\"ReadAction\",\"target\":[\"https:\/\/factoriacanabal.com\/encuentra-la-ventana-perfecta-para-tu-hogar\/\"]}]},{\"@type\":\"ImageObject\",\"inLanguage\":\"ca\",\"@id\":\"https:\/\/factoriacanabal.com\/encuentra-la-ventana-perfecta-para-tu-hogar\/#primaryimage\",\"url\":\"https:\/\/factoriacanabal.com\/wp-content\/uploads\/2022\/09\/Factoria-Canabal-Blog-Agosto-1.jpg\",\"contentUrl\":\"https:\/\/factoriacanabal.com\/wp-content\/uploads\/2022\/09\/Factoria-Canabal-Blog-Agosto-1.jpg\",\"width\":1000,\"height\":500,\"caption\":\"Troba la finestra perfecta per a casa\"},{\"@type\":\"BreadcrumbList\",\"@id\":\"https:\/\/factoriacanabal.com\/encuentra-la-ventana-perfecta-para-tu-hogar\/#breadcrumb\",\"itemListElement\":[{\"@type\":\"ListItem\",\"position\":1,\"name\":\"Inici\",\"item\":\"https:\/\/factoriacanabal.com\/ca\/inici\/\"},{\"@type\":\"ListItem\",\"position\":2,\"name\":\"Troba la finestra perfecta per a casa\"}]},{\"@type\":\"WebSite\",\"@id\":\"https:\/\/factoriacanabal.com\/#website\",\"url\":\"https:\/\/factoriacanabal.com\/\",\"name\":\"Factoria Canabal\",\"description\":\"Finstral Partner Studio\",\"publisher\":{\"@id\":\"https:\/\/factoriacanabal.com\/#organization\"},\"potentialAction\":[{\"@type\":\"SearchAction\",\"target\":{\"@type\":\"EntryPoint\",\"urlTemplate\":\"https:\/\/factoriacanabal.com\/?s={search_term_string}\"},\"query-input\":{\"@type\":\"PropertyValueSpecification\",\"valueRequired\":true,\"valueName\":\"search_term_string\"}}],\"inLanguage\":\"ca\"},{\"@type\":\"Organization\",\"@id\":\"https:\/\/factoriacanabal.com\/#organization\",\"name\":\"Factoria Canabal\",\"url\":\"https:\/\/factoriacanabal.com\/\",\"logo\":{\"@type\":\"ImageObject\",\"inLanguage\":\"ca\",\"@id\":\"https:\/\/factoriacanabal.com\/#\/schema\/logo\/image\/\",\"url\":\"https:\/\/factoriacanabal.com\/wp-content\/uploads\/2018\/11\/logo_cabecera.jpg\",\"contentUrl\":\"https:\/\/factoriacanabal.com\/wp-content\/uploads\/2018\/11\/logo_cabecera.jpg\",\"width\":340,\"height\":156,\"caption\":\"Factoria Canabal\"},\"image\":{\"@id\":\"https:\/\/factoriacanabal.com\/#\/schema\/logo\/image\/\"},\"sameAs\":[\"https:\/\/www.facebook.com\/factoriacanabal\/\",\"https:\/\/x.com\/factoriacanabal\",\"https:\/\/www.youtube.com\/user\/Factoriavidres\"]},{\"@type\":\"Person\",\"@id\":\"https:\/\/factoriacanabal.com\/#\/schema\/person\/0aae024bd8639e72eee6505dab39afbe\",\"name\":\"Factoria Canabal\",\"url\":\"https:\/\/factoriacanabal.com\/ca\/author\/canabal\/\"}]}<\/script>\n<!-- \/ Yoast SEO plugin. -->","yoast_head_json":{"title":"Troba la finestra perfecta per a casa &#8211; Factoria Canabal","description":"A Factoria Canabal us volem mostrar la finestra de qualitat que millor s'adapti a les vostres necessitats i estil.","robots":{"index":"index","follow":"follow","max-snippet":"max-snippet:-1","max-image-preview":"max-image-preview:large","max-video-preview":"max-video-preview:-1"},"canonical":"https:\/\/factoriacanabal.com\/encuentra-la-ventana-perfecta-para-tu-hogar\/","og_locale":"ca_ES","og_type":"article","og_title":"Troba la finestra perfecta per a casa","og_description":"A Factoria Canabal us volem mostrar la finestra de qualitat que millor s'adapti a les vostres necessitats i estil.","og_url":"https:\/\/factoriacanabal.com\/encuentra-la-ventana-perfecta-para-tu-hogar\/","og_site_name":"Factoria Canabal","article_publisher":"https:\/\/www.facebook.com\/factoriacanabal\/","article_published_time":"2022-08-12T06:24:38+00:00","article_modified_time":"2022-09-12T06:37:06+00:00","og_image":[{"width":1000,"height":500,"url":"https:\/\/factoriacanabal.com\/wp-content\/uploads\/2022\/09\/Factoria-Canabal-Blog-Agosto-1.jpg","type":"image\/jpeg"}],"author":"Factoria Canabal","twitter_card":"summary_large_image","twitter_title":"Troba la finestra perfecta per a casa","twitter_description":"A Factoria Canabal us volem mostrar la finestra de qualitat que millor s'adapti a les vostres necessitats i estil.","twitter_creator":"@factoriacanabal","twitter_site":"@factoriacanabal","twitter_misc":{"Escrit per":"Factoria Canabal","Temps estimat de lectura":"2 minuts"},"schema":{"@context":"https:\/\/schema.org","@graph":[{"@type":"Article","@id":"https:\/\/factoriacanabal.com\/encuentra-la-ventana-perfecta-para-tu-hogar\/#article","isPartOf":{"@id":"https:\/\/factoriacanabal.com\/encuentra-la-ventana-perfecta-para-tu-hogar\/"},"author":{"name":"Factoria Canabal","@id":"https:\/\/factoriacanabal.com\/#\/schema\/person\/0aae024bd8639e72eee6505dab39afbe"},"headline":"Troba la finestra perfecta per a casa","datePublished":"2022-08-12T06:24:38+00:00","dateModified":"2022-09-12T06:37:06+00:00","mainEntityOfPage":{"@id":"https:\/\/factoriacanabal.com\/encuentra-la-ventana-perfecta-para-tu-hogar\/"},"wordCount":465,"publisher":{"@id":"https:\/\/factoriacanabal.com\/#organization"},"image":{"@id":"https:\/\/factoriacanabal.com\/encuentra-la-ventana-perfecta-para-tu-hogar\/#primaryimage"},"thumbnailUrl":"https:\/\/factoriacanabal.com\/wp-content\/uploads\/2022\/09\/Factoria-Canabal-Blog-Agosto-1.jpg","keywords":["Factoria Canabal","finestres d' alumini","Finestres d'Alumini","Finestres d'Alumini-PVC","Finestres de ForRes","Finestres de fusta","finestres de pvc","Finestres de tot vidre","finestres Finstral","varietat de finestres"],"articleSection":["Finestres"],"inLanguage":"ca"},{"@type":"WebPage","@id":"https:\/\/factoriacanabal.com\/encuentra-la-ventana-perfecta-para-tu-hogar\/","url":"https:\/\/factoriacanabal.com\/encuentra-la-ventana-perfecta-para-tu-hogar\/","name":"Troba la finestra perfecta per a casa &#8211; Factoria Canabal","isPartOf":{"@id":"https:\/\/factoriacanabal.com\/#website"},"primaryImageOfPage":{"@id":"https:\/\/factoriacanabal.com\/encuentra-la-ventana-perfecta-para-tu-hogar\/#primaryimage"},"image":{"@id":"https:\/\/factoriacanabal.com\/encuentra-la-ventana-perfecta-para-tu-hogar\/#primaryimage"},"thumbnailUrl":"https:\/\/factoriacanabal.com\/wp-content\/uploads\/2022\/09\/Factoria-Canabal-Blog-Agosto-1.jpg","datePublished":"2022-08-12T06:24:38+00:00","dateModified":"2022-09-12T06:37:06+00:00","description":"A Factoria Canabal us volem mostrar la finestra de qualitat que millor s'adapti a les vostres necessitats i estil.","breadcrumb":{"@id":"https:\/\/factoriacanabal.com\/encuentra-la-ventana-perfecta-para-tu-hogar\/#breadcrumb"},"inLanguage":"ca","potentialAction":[{"@type":"ReadAction","target":["https:\/\/factoriacanabal.com\/encuentra-la-ventana-perfecta-para-tu-hogar\/"]}]},{"@type":"ImageObject","inLanguage":"ca","@id":"https:\/\/factoriacanabal.com\/encuentra-la-ventana-perfecta-para-tu-hogar\/#primaryimage","url":"https:\/\/factoriacanabal.com\/wp-content\/uploads\/2022\/09\/Factoria-Canabal-Blog-Agosto-1.jpg","contentUrl":"https:\/\/factoriacanabal.com\/wp-content\/uploads\/2022\/09\/Factoria-Canabal-Blog-Agosto-1.jpg","width":1000,"height":500,"caption":"Troba la finestra perfecta per a casa"},{"@type":"BreadcrumbList","@id":"https:\/\/factoriacanabal.com\/encuentra-la-ventana-perfecta-para-tu-hogar\/#breadcrumb","itemListElement":[{"@type":"ListItem","position":1,"name":"Inici","item":"https:\/\/factoriacanabal.com\/ca\/inici\/"},{"@type":"ListItem","position":2,"name":"Troba la finestra perfecta per a casa"}]},{"@type":"WebSite","@id":"https:\/\/factoriacanabal.com\/#website","url":"https:\/\/factoriacanabal.com\/","name":"Factoria Canabal","description":"Finstral Partner Studio","publisher":{"@id":"https:\/\/factoriacanabal.com\/#organization"},"potentialAction":[{"@type":"SearchAction","target":{"@type":"EntryPoint","urlTemplate":"https:\/\/factoriacanabal.com\/?s={search_term_string}"},"query-input":{"@type":"PropertyValueSpecification","valueRequired":true,"valueName":"search_term_string"}}],"inLanguage":"ca"},{"@type":"Organization","@id":"https:\/\/factoriacanabal.com\/#organization","name":"Factoria Canabal","url":"https:\/\/factoriacanabal.com\/","logo":{"@type":"ImageObject","inLanguage":"ca","@id":"https:\/\/factoriacanabal.com\/#\/schema\/logo\/image\/","url":"https:\/\/factoriacanabal.com\/wp-content\/uploads\/2018\/11\/logo_cabecera.jpg","contentUrl":"https:\/\/factoriacanabal.com\/wp-content\/uploads\/2018\/11\/logo_cabecera.jpg","width":340,"height":156,"caption":"Factoria Canabal"},"image":{"@id":"https:\/\/factoriacanabal.com\/#\/schema\/logo\/image\/"},"sameAs":["https:\/\/www.facebook.com\/factoriacanabal\/","https:\/\/x.com\/factoriacanabal","https:\/\/www.youtube.com\/user\/Factoriavidres"]},{"@type":"Person","@id":"https:\/\/factoriacanabal.com\/#\/schema\/person\/0aae024bd8639e72eee6505dab39afbe","name":"Factoria Canabal","url":"https:\/\/factoriacanabal.com\/ca\/author\/canabal\/"}]}},"_links":{"self":[{"href":"https:\/\/factoriacanabal.com\/ca\/wp-json\/wp\/v2\/posts\/26032"}],"collection":[{"href":"https:\/\/factoriacanabal.com\/ca\/wp-json\/wp\/v2\/posts"}],"about":[{"href":"https:\/\/factoriacanabal.com\/ca\/wp-json\/wp\/v2\/types\/post"}],"author":[{"embeddable":true,"href":"https:\/\/factoriacanabal.com\/ca\/wp-json\/wp\/v2\/users\/8"}],"replies":[{"embeddable":true,"href":"https:\/\/factoriacanabal.com\/ca\/wp-json\/wp\/v2\/comments?post=26032"}],"version-history":[{"count":2,"href":"https:\/\/factoriacanabal.com\/ca\/wp-json\/wp\/v2\/posts\/26032\/revisions"}],"predecessor-version":[{"id":26037,"href":"https:\/\/factoriacanabal.com\/ca\/wp-json\/wp\/v2\/posts\/26032\/revisions\/26037"}],"wp:featuredmedia":[{"embeddable":true,"href":"https:\/\/factoriacanabal.com\/ca\/wp-json\/wp\/v2\/media\/26034"}],"wp:attachment":[{"href":"https:\/\/factoriacanabal.com\/ca\/wp-json\/wp\/v2\/media?parent=26032"}],"wp:term":[{"taxonomy":"category","embeddable":true,"href":"https:\/\/factoriacanabal.com\/ca\/wp-json\/wp\/v2\/categories?post=26032"},{"taxonomy":"post_tag","embeddable":true,"href":"https:\/\/factoriacanabal.com\/ca\/wp-json\/wp\/v2\/tags?post=26032"}],"curies":[{"name":"wp","href":"https:\/\/api.w.org\/{rel}","templated":true}]}}