{"id":26577,"date":"2023-02-06T13:20:42","date_gmt":"2023-02-06T13:20:42","guid":{"rendered":"https:\/\/factoriacanabal.com\/?p=26577"},"modified":"2023-10-19T15:57:04","modified_gmt":"2023-10-19T15:57:04","slug":"finestres-personalitzades","status":"publish","type":"post","link":"https:\/\/factoriacanabal.com\/ca\/finestres-personalitzades\/","title":{"rendered":"Finestres personalitzades"},"content":{"rendered":"<h2><b>Finestres personalitzades. Viu les finestres d\u2019una nova manera.<\/b><\/h2>\n<p><span style=\"font-weight: 400;\">Un lloc arriba a convertir-se en una llar quan el fem \u00fanic, donant forma a les nostres idees. Pensem i dissenyem els espais, jugant amb els colors i els materials. Llavors, per qu\u00e8 no donem la import\u00e0ncia que mereixen a les finestres? Descobreix les finestres personalitzades de Finstral.<\/span><\/p>\n<p><span style=\"font-weight: 400;\"> <a href=\"https:\/\/factoriacanabal.com\/wp-content\/uploads\/2022\/10\/Factoria-Canabal-Octubre-2022-1.png\"><img loading=\"lazy\" decoding=\"async\" class=\"alignnone wp-image-26566 size-full\" src=\"https:\/\/factoriacanabal.com\/wp-content\/uploads\/2022\/10\/Factoria-Canabal-Octubre-2022-1.png\" alt=\"Finestres personalitzades\" width=\"1000\" height=\"500\" srcset=\"https:\/\/factoriacanabal.com\/wp-content\/uploads\/2022\/10\/Factoria-Canabal-Octubre-2022-1.png 1000w, https:\/\/factoriacanabal.com\/wp-content\/uploads\/2022\/10\/Factoria-Canabal-Octubre-2022-1-980x490.png 980w, https:\/\/factoriacanabal.com\/wp-content\/uploads\/2022\/10\/Factoria-Canabal-Octubre-2022-1-480x240.png 480w\" sizes=\"(min-width: 0px) and (max-width: 480px) 480px, (min-width: 481px) and (max-width: 980px) 980px, (min-width: 981px) 1000px, 100vw\" \/><\/a><\/span><\/p>\n<h4><b>Con\u00e8ixer la bellesa.<\/b><\/h4>\n<p><span style=\"font-weight: 400;\">Tothom vol que la seva finestra sigui funcional, d&#8217;alta qualitat i que duri al llarg del temps. Per descomptat. Per\u00f2, i si les teves noves finestres poguessin reflectir tamb\u00e9 el teu gust personal i adaptar-se a la decoraci\u00f3 del teu habitatge? Nosaltres, amb un muntatge professional a m\u00e9s de certificat, oferim sempre la m\u00e0xima personalitzaci\u00f3 en totes les dimensions de les teves finestres Finstral: materials, colors, superf\u00edcies, formes de marc i fulla o elements estil\u00edstics afins als teus gustos. Cada detall est\u00e0 pensat i constru\u00eft de manera que es pugui realitzar qualsevol tipus de combinaci\u00f3 possible. Per aix\u00f2 les finestres Finstral s\u00f3n desenvolupades segons un sistema modular que, mantenint un nucli de PVC reciclat (per a assegurar l&#8217;efici\u00e8ncia energ\u00e8tica), permet equipar amb qualsevol altre material la resta de la finestra. Tu ets qui compon la finestra perfecta, i completament personalitzada.<\/span><\/p>\n<h4><b>Finestres personalitzades. M\u00e0xima llibertat de composici\u00f3.<\/b><\/h4>\n<p><span style=\"font-weight: 400;\">Per a l&#8217;exterior de la finestra proposem dos materials: el PVC i l&#8217;alumini, tots dos resistents, vers\u00e0tils i duradors. Per a l&#8217;interior, des del PVC a l&#8217;alumini passant per fusta ecol\u00f2gica fins a un nou material sostenible ForRes. Tots aquests materials estan disponibles en infinitat de superf\u00edcies i colors diferents.<\/span><\/p>\n<p><a href=\"https:\/\/factoriacanabal.com\/wp-content\/uploads\/2022\/10\/Factoria-Canabal-Octubre-2022-2.png\"><img loading=\"lazy\" decoding=\"async\" class=\"alignnone wp-image-26568 size-full\" src=\"https:\/\/factoriacanabal.com\/wp-content\/uploads\/2022\/10\/Factoria-Canabal-Octubre-2022-2.png\" alt=\"Finestres personalitzades\" width=\"1000\" height=\"500\" srcset=\"https:\/\/factoriacanabal.com\/wp-content\/uploads\/2022\/10\/Factoria-Canabal-Octubre-2022-2.png 1000w, https:\/\/factoriacanabal.com\/wp-content\/uploads\/2022\/10\/Factoria-Canabal-Octubre-2022-2-980x490.png 980w, https:\/\/factoriacanabal.com\/wp-content\/uploads\/2022\/10\/Factoria-Canabal-Octubre-2022-2-480x240.png 480w\" sizes=\"(min-width: 0px) and (max-width: 480px) 480px, (min-width: 481px) and (max-width: 980px) 980px, (min-width: 981px) 1000px, 100vw\" \/><\/a><\/p>\n<p><span style=\"font-weight: 400;\">La combinaci\u00f3 entre els diferents marcs i fulles tamb\u00e9 determinen l&#8217;est\u00e8tica d&#8217;una finestra: ja sigui amb els acabats enrasats, semienrasats, minimalistes o tradicionals, sempre trobar\u00e0s els perfils m\u00e9s estrets del mercat i optarem a estils cl\u00e0ssics, moderns i d&#8217;\u00faltima generaci\u00f3 com l&#8217;est\u00e8tica \u201ctot vidre\u201d.<\/span><\/p>\n<p><span style=\"font-weight: 400;\">Per a les manilles pots triar llaut\u00f3, alumini o acer inoxidable entre 15 s\u00e8ries amb diferents acabats disponibles per a cadascuna d&#8217;aquestes, aix\u00ed com una \u00e0mplia varietat de colors.\u00a0<\/span><\/p>\n<p><span style=\"font-weight: 400;\">Frontisses ocultes, incorporar elements estil\u00edstics com a panells decoratius, barrots i quarterons o venecianes interiors i mallorquines i qualsevol tipus de protecci\u00f3 solar tamb\u00e9 pot aportar al car\u00e0cter de l&#8217;habitatge.<\/span><\/p>\n<h4><b>Alta qualitat garantida<\/b><\/h4>\n<p><span style=\"font-weight: 400;\">Sempre perfectes fins i tot en els detalls. Les nostres finestres personalitzades han de ser la s\u00edntesi perfecta entre funcionalitat i est\u00e8tica durant molt de temps. I \u00e9s per aix\u00f2 que tenim especial atenci\u00f3 en la qualitat. Sent Finstral el fabricant de finestres amb el major nombre de certificats d&#8217;Europa, oferim les m\u00e0ximes garanties. I com es desenvolupen en f\u00e0briques pr\u00f2pies de Finstral les diferents fases de l&#8217;elaboraci\u00f3 de cada finestra, la qualitat est\u00e0 sota control.\u00a0<\/span><\/p>\n<h4><b>Estalvia fins a un 30%<\/b><\/h4>\n<p><span style=\"font-weight: 400;\">Els fons europeus Next Generation EU contemplen ajudes de fins a 3.000\u20ac per a la renovaci\u00f3 de les teves finestres. Nosaltres t&#8217;acompanyarem en el proc\u00e9s d&#8217;adquisici\u00f3 d&#8217;aquesta subvenci\u00f3.<\/span><\/p>\n<h4><b>Visita el nostre Finstral Partner Studio<\/b><\/h4>\n<p><a href=\"https:\/\/factoriacanabal.com\/wp-content\/uploads\/2022\/10\/Factoria-Canabal-Octubre-2022-3.png\"><img loading=\"lazy\" decoding=\"async\" class=\"alignnone size-full wp-image-26570\" src=\"https:\/\/factoriacanabal.com\/wp-content\/uploads\/2022\/10\/Factoria-Canabal-Octubre-2022-3.png\" alt=\"Finestres personalitzades\" width=\"1000\" height=\"500\" srcset=\"https:\/\/factoriacanabal.com\/wp-content\/uploads\/2022\/10\/Factoria-Canabal-Octubre-2022-3.png 1000w, https:\/\/factoriacanabal.com\/wp-content\/uploads\/2022\/10\/Factoria-Canabal-Octubre-2022-3-980x490.png 980w, https:\/\/factoriacanabal.com\/wp-content\/uploads\/2022\/10\/Factoria-Canabal-Octubre-2022-3-480x240.png 480w\" sizes=\"(min-width: 0px) and (max-width: 480px) 480px, (min-width: 481px) and (max-width: 980px) 980px, (min-width: 981px) 1000px, 100vw\" \/><\/a><\/p>\n<p><span style=\"font-weight: 400;\">T&#8217;agradaria descobrir totes les possibilitats que tens a la teva disposici\u00f3? Posa\u2019t en <a href=\"https:\/\/factoriacanabal.com\/contacto\/\" target=\"_blank\" rel=\"noopener\">contacte amb nosaltres<\/a> i visita el nostre <a href=\"https:\/\/factoriacanabal.com\/\" target=\"_blank\" rel=\"noopener\">Finstral Partner Studio<\/a> sense cap comprom\u00eds. All\u00e0 t&#8217;esperaran professionals per a assessorar-te de la millor manera i tindr\u00e0s l&#8217;oportunitat d&#8217;experimentar amb tots els nostres productes. Veur\u00e0s que compondre les teves finestres personalitzades mai ha estat tan f\u00e0cil.<\/span><\/p>\n","protected":false},"excerpt":{"rendered":"<p>Finestres personalitzades. Viu les finestres d\u2019una nova manera. Un lloc arriba a convertir-se en una llar quan el fem \u00fanic, donant forma a les nostres idees. Pensem i dissenyem els espais, jugant amb els colors i els materials. Llavors, per qu\u00e8 no donem la import\u00e0ncia que mereixen a les finestres? Descobreix les finestres personalitzades de [&hellip;]<\/p>\n","protected":false},"author":8,"featured_media":26572,"comment_status":"closed","ping_status":"closed","sticky":false,"template":"","format":"standard","meta":{"_et_pb_use_builder":"","_et_pb_old_content":"","_et_gb_content_width":"","_monsterinsights_skip_tracking":false,"_monsterinsights_sitenote_active":false,"_monsterinsights_sitenote_note":"","_monsterinsights_sitenote_category":0,"footnotes":""},"categories":[547,66],"tags":[352,243,131,497,143,431,445,544,217,503,432],"class_list":["post-26577","post","type-post","status-publish","format-standard","has-post-thumbnail","hentry","category-informacio-finestres","category-noticies-finestres","tag-factoria-canabal-ca","tag-finestres","tag-finestres-aillants","tag-finestres-aillants-a-barcelona","tag-finestres-de-pvc","tag-finestres-finstral","tag-finestres-personalitzades","tag-finestres-qualitat","tag-installacio-de-finestres","tag-installacio-de-finestres-aillants-a-barcelona","tag-varietat-de-finestres"],"yoast_head":"<!-- This site is optimized with the Yoast SEO plugin v24.2 - https:\/\/yoast.com\/wordpress\/plugins\/seo\/ -->\n<title>Finestres personalitzables, finestres a mida Finstral.<\/title>\n<meta name=\"description\" content=\"Dissenya les teves finestres personalizades. Finestres pvc, alumini o fusta. Instal\u00b7ladors professionals Factoria Canabal.\" \/>\n<meta name=\"robots\" content=\"index, follow, max-snippet:-1, max-image-preview:large, max-video-preview:-1\" \/>\n<link rel=\"canonical\" href=\"https:\/\/factoriacanabal.com\/ventanas-personalizadas\/\" \/>\n<meta property=\"og:locale\" content=\"ca_ES\" \/>\n<meta property=\"og:type\" content=\"article\" \/>\n<meta property=\"og:title\" content=\"Finestres personalitzables, finestres a mida Finstral.\" \/>\n<meta property=\"og:description\" content=\"Dissenya les teves finestres personalizades. Finestres pvc, alumini o fusta. Instal\u00b7ladors professionals Factoria Canabal.\" \/>\n<meta property=\"og:url\" content=\"https:\/\/factoriacanabal.com\/ventanas-personalizadas\/\" \/>\n<meta property=\"og:site_name\" content=\"Factoria Canabal\" \/>\n<meta property=\"article:publisher\" content=\"https:\/\/www.facebook.com\/factoriacanabal\/\" \/>\n<meta property=\"article:published_time\" content=\"2023-02-06T13:20:42+00:00\" \/>\n<meta property=\"article:modified_time\" content=\"2023-10-19T15:57:04+00:00\" \/>\n<meta property=\"og:image\" content=\"https:\/\/factoriacanabal.com\/wp-content\/uploads\/2022\/10\/Factoria-Canabal-Blog-Octubre-2022.png\" \/>\n\t<meta property=\"og:image:width\" content=\"1000\" \/>\n\t<meta property=\"og:image:height\" content=\"500\" \/>\n\t<meta property=\"og:image:type\" content=\"image\/png\" \/>\n<meta name=\"author\" content=\"Factoria Canabal\" \/>\n<meta name=\"twitter:card\" content=\"summary_large_image\" \/>\n<meta name=\"twitter:creator\" content=\"@factoriacanabal\" \/>\n<meta name=\"twitter:site\" content=\"@factoriacanabal\" \/>\n<meta name=\"twitter:label1\" content=\"Escrit per\" \/>\n\t<meta name=\"twitter:data1\" content=\"Factoria Canabal\" \/>\n\t<meta name=\"twitter:label2\" content=\"Temps estimat de lectura\" \/>\n\t<meta name=\"twitter:data2\" content=\"3 minuts\" \/>\n<script type=\"application\/ld+json\" class=\"yoast-schema-graph\">{\"@context\":\"https:\/\/schema.org\",\"@graph\":[{\"@type\":\"Article\",\"@id\":\"https:\/\/factoriacanabal.com\/ventanas-personalizadas\/#article\",\"isPartOf\":{\"@id\":\"https:\/\/factoriacanabal.com\/ventanas-personalizadas\/\"},\"author\":{\"name\":\"Factoria Canabal\",\"@id\":\"https:\/\/factoriacanabal.com\/#\/schema\/person\/0aae024bd8639e72eee6505dab39afbe\"},\"headline\":\"Finestres personalitzades\",\"datePublished\":\"2023-02-06T13:20:42+00:00\",\"dateModified\":\"2023-10-19T15:57:04+00:00\",\"mainEntityOfPage\":{\"@id\":\"https:\/\/factoriacanabal.com\/ventanas-personalizadas\/\"},\"wordCount\":587,\"publisher\":{\"@id\":\"https:\/\/factoriacanabal.com\/#organization\"},\"image\":{\"@id\":\"https:\/\/factoriacanabal.com\/ventanas-personalizadas\/#primaryimage\"},\"thumbnailUrl\":\"https:\/\/factoriacanabal.com\/wp-content\/uploads\/2022\/10\/Factoria-Canabal-Blog-Octubre-2022.png\",\"keywords\":[\"Factoria Canabal\",\"finestres\",\"finestres a\u00efllants\",\"finestres a\u00efllants a barcelona\",\"finestres de pvc\",\"finestres Finstral\",\"finestres personalitzades\",\"finestres qualitat\",\"instal\u00b7laci\u00f3 de finestres\",\"instal\u00b7laci\u00f3 de finestres a\u00efllants a barcelona\",\"varietat de finestres\"],\"articleSection\":[\"Informaci\u00f3 finestres\",\"Not\u00edcies finestres\"],\"inLanguage\":\"ca\"},{\"@type\":\"WebPage\",\"@id\":\"https:\/\/factoriacanabal.com\/ventanas-personalizadas\/\",\"url\":\"https:\/\/factoriacanabal.com\/ventanas-personalizadas\/\",\"name\":\"Finestres personalitzables, finestres a mida Finstral.\",\"isPartOf\":{\"@id\":\"https:\/\/factoriacanabal.com\/#website\"},\"primaryImageOfPage\":{\"@id\":\"https:\/\/factoriacanabal.com\/ventanas-personalizadas\/#primaryimage\"},\"image\":{\"@id\":\"https:\/\/factoriacanabal.com\/ventanas-personalizadas\/#primaryimage\"},\"thumbnailUrl\":\"https:\/\/factoriacanabal.com\/wp-content\/uploads\/2022\/10\/Factoria-Canabal-Blog-Octubre-2022.png\",\"datePublished\":\"2023-02-06T13:20:42+00:00\",\"dateModified\":\"2023-10-19T15:57:04+00:00\",\"description\":\"Dissenya les teves finestres personalizades. Finestres pvc, alumini o fusta. Instal\u00b7ladors professionals Factoria Canabal.\",\"breadcrumb\":{\"@id\":\"https:\/\/factoriacanabal.com\/ventanas-personalizadas\/#breadcrumb\"},\"inLanguage\":\"ca\",\"potentialAction\":[{\"@type\":\"ReadAction\",\"target\":[\"https:\/\/factoriacanabal.com\/ventanas-personalizadas\/\"]}]},{\"@type\":\"ImageObject\",\"inLanguage\":\"ca\",\"@id\":\"https:\/\/factoriacanabal.com\/ventanas-personalizadas\/#primaryimage\",\"url\":\"https:\/\/factoriacanabal.com\/wp-content\/uploads\/2022\/10\/Factoria-Canabal-Blog-Octubre-2022.png\",\"contentUrl\":\"https:\/\/factoriacanabal.com\/wp-content\/uploads\/2022\/10\/Factoria-Canabal-Blog-Octubre-2022.png\",\"width\":1000,\"height\":500,\"caption\":\"Finestres personalitzades\"},{\"@type\":\"BreadcrumbList\",\"@id\":\"https:\/\/factoriacanabal.com\/ventanas-personalizadas\/#breadcrumb\",\"itemListElement\":[{\"@type\":\"ListItem\",\"position\":1,\"name\":\"Inici\",\"item\":\"https:\/\/factoriacanabal.com\/ca\/inici\/\"},{\"@type\":\"ListItem\",\"position\":2,\"name\":\"Finestres personalitzades\"}]},{\"@type\":\"WebSite\",\"@id\":\"https:\/\/factoriacanabal.com\/#website\",\"url\":\"https:\/\/factoriacanabal.com\/\",\"name\":\"Factoria Canabal\",\"description\":\"Finstral Partner Studio\",\"publisher\":{\"@id\":\"https:\/\/factoriacanabal.com\/#organization\"},\"potentialAction\":[{\"@type\":\"SearchAction\",\"target\":{\"@type\":\"EntryPoint\",\"urlTemplate\":\"https:\/\/factoriacanabal.com\/?s={search_term_string}\"},\"query-input\":{\"@type\":\"PropertyValueSpecification\",\"valueRequired\":true,\"valueName\":\"search_term_string\"}}],\"inLanguage\":\"ca\"},{\"@type\":\"Organization\",\"@id\":\"https:\/\/factoriacanabal.com\/#organization\",\"name\":\"Factoria Canabal\",\"url\":\"https:\/\/factoriacanabal.com\/\",\"logo\":{\"@type\":\"ImageObject\",\"inLanguage\":\"ca\",\"@id\":\"https:\/\/factoriacanabal.com\/#\/schema\/logo\/image\/\",\"url\":\"https:\/\/factoriacanabal.com\/wp-content\/uploads\/2018\/11\/logo_cabecera.jpg\",\"contentUrl\":\"https:\/\/factoriacanabal.com\/wp-content\/uploads\/2018\/11\/logo_cabecera.jpg\",\"width\":340,\"height\":156,\"caption\":\"Factoria Canabal\"},\"image\":{\"@id\":\"https:\/\/factoriacanabal.com\/#\/schema\/logo\/image\/\"},\"sameAs\":[\"https:\/\/www.facebook.com\/factoriacanabal\/\",\"https:\/\/x.com\/factoriacanabal\",\"https:\/\/www.youtube.com\/user\/Factoriavidres\"]},{\"@type\":\"Person\",\"@id\":\"https:\/\/factoriacanabal.com\/#\/schema\/person\/0aae024bd8639e72eee6505dab39afbe\",\"name\":\"Factoria Canabal\",\"url\":\"https:\/\/factoriacanabal.com\/ca\/author\/canabal\/\"}]}<\/script>\n<!-- \/ Yoast SEO plugin. -->","yoast_head_json":{"title":"Finestres personalitzables, finestres a mida Finstral.","description":"Dissenya les teves finestres personalizades. Finestres pvc, alumini o fusta. Instal\u00b7ladors professionals Factoria Canabal.","robots":{"index":"index","follow":"follow","max-snippet":"max-snippet:-1","max-image-preview":"max-image-preview:large","max-video-preview":"max-video-preview:-1"},"canonical":"https:\/\/factoriacanabal.com\/ventanas-personalizadas\/","og_locale":"ca_ES","og_type":"article","og_title":"Finestres personalitzables, finestres a mida Finstral.","og_description":"Dissenya les teves finestres personalizades. Finestres pvc, alumini o fusta. Instal\u00b7ladors professionals Factoria Canabal.","og_url":"https:\/\/factoriacanabal.com\/ventanas-personalizadas\/","og_site_name":"Factoria Canabal","article_publisher":"https:\/\/www.facebook.com\/factoriacanabal\/","article_published_time":"2023-02-06T13:20:42+00:00","article_modified_time":"2023-10-19T15:57:04+00:00","og_image":[{"width":1000,"height":500,"url":"https:\/\/factoriacanabal.com\/wp-content\/uploads\/2022\/10\/Factoria-Canabal-Blog-Octubre-2022.png","type":"image\/png"}],"author":"Factoria Canabal","twitter_card":"summary_large_image","twitter_creator":"@factoriacanabal","twitter_site":"@factoriacanabal","twitter_misc":{"Escrit per":"Factoria Canabal","Temps estimat de lectura":"3 minuts"},"schema":{"@context":"https:\/\/schema.org","@graph":[{"@type":"Article","@id":"https:\/\/factoriacanabal.com\/ventanas-personalizadas\/#article","isPartOf":{"@id":"https:\/\/factoriacanabal.com\/ventanas-personalizadas\/"},"author":{"name":"Factoria Canabal","@id":"https:\/\/factoriacanabal.com\/#\/schema\/person\/0aae024bd8639e72eee6505dab39afbe"},"headline":"Finestres personalitzades","datePublished":"2023-02-06T13:20:42+00:00","dateModified":"2023-10-19T15:57:04+00:00","mainEntityOfPage":{"@id":"https:\/\/factoriacanabal.com\/ventanas-personalizadas\/"},"wordCount":587,"publisher":{"@id":"https:\/\/factoriacanabal.com\/#organization"},"image":{"@id":"https:\/\/factoriacanabal.com\/ventanas-personalizadas\/#primaryimage"},"thumbnailUrl":"https:\/\/factoriacanabal.com\/wp-content\/uploads\/2022\/10\/Factoria-Canabal-Blog-Octubre-2022.png","keywords":["Factoria Canabal","finestres","finestres a\u00efllants","finestres a\u00efllants a barcelona","finestres de pvc","finestres Finstral","finestres personalitzades","finestres qualitat","instal\u00b7laci\u00f3 de finestres","instal\u00b7laci\u00f3 de finestres a\u00efllants a barcelona","varietat de finestres"],"articleSection":["Informaci\u00f3 finestres","Not\u00edcies finestres"],"inLanguage":"ca"},{"@type":"WebPage","@id":"https:\/\/factoriacanabal.com\/ventanas-personalizadas\/","url":"https:\/\/factoriacanabal.com\/ventanas-personalizadas\/","name":"Finestres personalitzables, finestres a mida Finstral.","isPartOf":{"@id":"https:\/\/factoriacanabal.com\/#website"},"primaryImageOfPage":{"@id":"https:\/\/factoriacanabal.com\/ventanas-personalizadas\/#primaryimage"},"image":{"@id":"https:\/\/factoriacanabal.com\/ventanas-personalizadas\/#primaryimage"},"thumbnailUrl":"https:\/\/factoriacanabal.com\/wp-content\/uploads\/2022\/10\/Factoria-Canabal-Blog-Octubre-2022.png","datePublished":"2023-02-06T13:20:42+00:00","dateModified":"2023-10-19T15:57:04+00:00","description":"Dissenya les teves finestres personalizades. Finestres pvc, alumini o fusta. Instal\u00b7ladors professionals Factoria Canabal.","breadcrumb":{"@id":"https:\/\/factoriacanabal.com\/ventanas-personalizadas\/#breadcrumb"},"inLanguage":"ca","potentialAction":[{"@type":"ReadAction","target":["https:\/\/factoriacanabal.com\/ventanas-personalizadas\/"]}]},{"@type":"ImageObject","inLanguage":"ca","@id":"https:\/\/factoriacanabal.com\/ventanas-personalizadas\/#primaryimage","url":"https:\/\/factoriacanabal.com\/wp-content\/uploads\/2022\/10\/Factoria-Canabal-Blog-Octubre-2022.png","contentUrl":"https:\/\/factoriacanabal.com\/wp-content\/uploads\/2022\/10\/Factoria-Canabal-Blog-Octubre-2022.png","width":1000,"height":500,"caption":"Finestres personalitzades"},{"@type":"BreadcrumbList","@id":"https:\/\/factoriacanabal.com\/ventanas-personalizadas\/#breadcrumb","itemListElement":[{"@type":"ListItem","position":1,"name":"Inici","item":"https:\/\/factoriacanabal.com\/ca\/inici\/"},{"@type":"ListItem","position":2,"name":"Finestres personalitzades"}]},{"@type":"WebSite","@id":"https:\/\/factoriacanabal.com\/#website","url":"https:\/\/factoriacanabal.com\/","name":"Factoria Canabal","description":"Finstral Partner Studio","publisher":{"@id":"https:\/\/factoriacanabal.com\/#organization"},"potentialAction":[{"@type":"SearchAction","target":{"@type":"EntryPoint","urlTemplate":"https:\/\/factoriacanabal.com\/?s={search_term_string}"},"query-input":{"@type":"PropertyValueSpecification","valueRequired":true,"valueName":"search_term_string"}}],"inLanguage":"ca"},{"@type":"Organization","@id":"https:\/\/factoriacanabal.com\/#organization","name":"Factoria Canabal","url":"https:\/\/factoriacanabal.com\/","logo":{"@type":"ImageObject","inLanguage":"ca","@id":"https:\/\/factoriacanabal.com\/#\/schema\/logo\/image\/","url":"https:\/\/factoriacanabal.com\/wp-content\/uploads\/2018\/11\/logo_cabecera.jpg","contentUrl":"https:\/\/factoriacanabal.com\/wp-content\/uploads\/2018\/11\/logo_cabecera.jpg","width":340,"height":156,"caption":"Factoria Canabal"},"image":{"@id":"https:\/\/factoriacanabal.com\/#\/schema\/logo\/image\/"},"sameAs":["https:\/\/www.facebook.com\/factoriacanabal\/","https:\/\/x.com\/factoriacanabal","https:\/\/www.youtube.com\/user\/Factoriavidres"]},{"@type":"Person","@id":"https:\/\/factoriacanabal.com\/#\/schema\/person\/0aae024bd8639e72eee6505dab39afbe","name":"Factoria Canabal","url":"https:\/\/factoriacanabal.com\/ca\/author\/canabal\/"}]}},"_links":{"self":[{"href":"https:\/\/factoriacanabal.com\/ca\/wp-json\/wp\/v2\/posts\/26577"}],"collection":[{"href":"https:\/\/factoriacanabal.com\/ca\/wp-json\/wp\/v2\/posts"}],"about":[{"href":"https:\/\/factoriacanabal.com\/ca\/wp-json\/wp\/v2\/types\/post"}],"author":[{"embeddable":true,"href":"https:\/\/factoriacanabal.com\/ca\/wp-json\/wp\/v2\/users\/8"}],"replies":[{"embeddable":true,"href":"https:\/\/factoriacanabal.com\/ca\/wp-json\/wp\/v2\/comments?post=26577"}],"version-history":[{"count":1,"href":"https:\/\/factoriacanabal.com\/ca\/wp-json\/wp\/v2\/posts\/26577\/revisions"}],"predecessor-version":[{"id":26578,"href":"https:\/\/factoriacanabal.com\/ca\/wp-json\/wp\/v2\/posts\/26577\/revisions\/26578"}],"wp:featuredmedia":[{"embeddable":true,"href":"https:\/\/factoriacanabal.com\/ca\/wp-json\/wp\/v2\/media\/26572"}],"wp:attachment":[{"href":"https:\/\/factoriacanabal.com\/ca\/wp-json\/wp\/v2\/media?parent=26577"}],"wp:term":[{"taxonomy":"category","embeddable":true,"href":"https:\/\/factoriacanabal.com\/ca\/wp-json\/wp\/v2\/categories?post=26577"},{"taxonomy":"post_tag","embeddable":true,"href":"https:\/\/factoriacanabal.com\/ca\/wp-json\/wp\/v2\/tags?post=26577"}],"curies":[{"name":"wp","href":"https:\/\/api.w.org\/{rel}","templated":true}]}}