{"id":29883,"date":"2023-01-15T08:14:29","date_gmt":"2023-01-15T08:14:29","guid":{"rendered":"https:\/\/factoriacanabal.com\/?p=29883"},"modified":"2023-06-20T14:52:05","modified_gmt":"2023-06-20T14:52:05","slug":"aquestes-son-les-tres-linies-de-disseny-de-les-verandas-finstral","status":"publish","type":"post","link":"https:\/\/factoriacanabal.com\/ca\/aquestes-son-les-tres-linies-de-disseny-de-les-verandas-finstral\/","title":{"rendered":"Aquestes s\u00f3n les tres l\u00ednies de disseny de les verandas Finstral"},"content":{"rendered":"<p>[et_pb_section fb_built=&#8221;1&#8243; admin_label=&#8221;section&#8221; _builder_version=&#8221;3.22&#8243;][et_pb_row admin_label=&#8221;row&#8221; _builder_version=&#8221;3.25&#8243; background_size=&#8221;initial&#8221; background_position=&#8221;top_left&#8221; background_repeat=&#8221;repeat&#8221;][et_pb_column type=&#8221;4_4&#8243; _builder_version=&#8221;3.25&#8243; custom_padding=&#8221;|||&#8221; custom_padding__hover=&#8221;|||&#8221;][et_pb_text _builder_version=&#8221;4.9.10&#8243; _module_preset=&#8221;default&#8221; hover_enabled=&#8221;0&#8243; sticky_enabled=&#8221;0&#8243;]<\/p>\n<h2><b>Les tres l\u00ednies de disseny per als tancaments o verandas Finstral<\/b><\/h2>\n<p>&nbsp;<\/p>\n<p><span style=\"font-weight: 400;\">A <\/span><b>Factoria Canabal<\/b><span style=\"font-weight: 400;\"> sempre adaptem els <\/span><span style=\"font-weight: 400;\"><a href=\"https:\/\/e.issuu.com\/embed.html#10499953\/64153763\" target=\"_blank\" rel=\"noopener\">tancaments<\/a> o verandas<\/span><span style=\"font-weight: 400;\"> Finstral a les necessitats de l&#8217;espai en el qual s&#8217;ha d&#8217;instal\u00b7lar. Per aquest motiu, comptem amb tres l\u00ednies de disseny per a triar el disseny de veranda m\u00e9s adequat: <\/span><b>Penta, Galleda i Classic.<\/b><\/p>\n<p>[\/et_pb_text][\/et_pb_column][\/et_pb_row][et_pb_row _builder_version=&#8221;4.9.10&#8243; _module_preset=&#8221;default&#8221;][et_pb_column _builder_version=&#8221;4.9.10&#8243; _module_preset=&#8221;default&#8221; type=&#8221;4_4&#8243;][et_pb_text _builder_version=&#8221;4.9.10&#8243; _module_preset=&#8221;default&#8221; hover_enabled=&#8221;0&#8243; sticky_enabled=&#8221;0&#8243;]<\/p>\n<h3><b>Veranda Finstral Penta<\/b><\/h3>\n<p><span style=\"font-weight: 400;\">La caracter\u00edstica principal m\u00e9s destacable de la\u00a0<\/span><b>veranda\u00a0Finstral\u00a0Penta<\/b><span style=\"font-weight: 400;\">\u00a0\u00e9s el seu <\/span><b>estil minimalista<\/b><span style=\"font-weight: 400;\">. El seu disseny est\u00e0 compost per marcs estrets, obertures amb est\u00e8tica tot vidre i sostres de vidre. A m\u00e9s, un detall de gran import\u00e0ncia s\u00f3n les vores del sostre composts de <\/span><b>vidre\u00a0estanc<\/b><span style=\"font-weight: 400;\">, la qual cosa evita l&#8217;acumulaci\u00f3 de brut\u00edcia i garanteix que l&#8217;aigua flueixi sense problemes.<\/span><span style=\"font-weight: 400;\"><br \/><\/span><span style=\"font-weight: 400;\"><br \/><\/span><span style=\"font-weight: 400;\">D&#8217;altra banda, la seva elegant estructura formada per alumini amb nucli de PVC li atorga una gran capacitat d&#8217;a\u00efllament t\u00e8rmic que caracteritza a tots els productes de la marca\u00a0Finstral. A m\u00e9s, aquesta l\u00ednia de disseny ofereix la possibilitat de seleccionar el color i material per a l&#8217;interior, sigui el PVC o l\u2019alumini.<\/span><\/p>\n<p>&nbsp;<\/p>\n<h3><b>Veranda Finstral Cubo<\/b><\/h3>\n<p><span style=\"font-weight: 400;\">Les\u00a0verandas\u00a0Finstral\u00a0<\/span><b>Cubo<\/b><span style=\"font-weight: 400;\"> destaquen pel seu <\/span><b>disseny purista<\/b><span style=\"font-weight: 400;\"> elaborat perqu\u00e8 connecti amb la naturalesa. Els seus marcs es caracteritzen per ser estrets i amb un sostre pla, que tamb\u00e9 actua com a <\/span><b>a\u00efllant t\u00e8rmic<\/b><span style=\"font-weight: 400;\"> enfront de les inclem\u00e8ncies del temps i pot incloure dispositius de protecci\u00f3 solar. Per a la protecci\u00f3 solar es podr\u00e0 triar els <\/span><b>vidres a\u00efllants de protecci\u00f3 solar, persianes,\u00a0Raffstores\u00a0integrats i persianes corredisses<\/b><span style=\"font-weight: 400;\"> per a regular l&#8217;energia i llum solar.<\/span><span style=\"font-weight: 400;\"><br \/><\/span><span style=\"font-weight: 400;\"><br \/><\/span><span style=\"font-weight: 400;\">Aix\u00ed doncs, aquesta\u00a0veranda\u00a0compta amb dos tipus d&#8217;obertures, plegables i corredisses tot vidre, perqu\u00e8 es tri\u00ef la que millor s&#8217;adapti a les necessitats del client.<\/span><span style=\"font-weight: 400;\"><br \/><\/span><span style=\"font-weight: 400;\"><br \/><\/span><span style=\"font-weight: 400;\">Igual que el disseny\u00a0Penta, el disseny Cubo posseeix un revestiment d&#8217;alumini a l&#8217;exterior, amb la possibilitat de triar el tipus de material per a l&#8217;interior de la seva\u00a0veranda\u00a0incloent l&#8217;alumini, PVC, fusta o ForRes.<\/span><\/p>\n<p>&nbsp;<\/p>\n<h3><b>Veranda Finstral <\/b><b>Classic<\/b><\/h3>\n<p><span style=\"font-weight: 400;\">Finalment, la l\u00ednia de disseny de la\u00a0<\/span><b>veranda\u00a0Finstral\u00a0Classic<\/b><span style=\"font-weight: 400;\">\u00a0es caracteritza per la seva eleg\u00e0ncia i versatilitat, adaptant-se a l&#8217;estil, forma i espai arquitect\u00f2nic del seu habitatge.<\/span><span style=\"font-weight: 400;\"><br \/><\/span><span style=\"font-weight: 400;\"><br \/><\/span><span style=\"font-weight: 400;\">La\u00a0veranda\u00a0Classic\u00a0est\u00e0 formada per un revestiment d&#8217;alumini amb <\/span><b>nucli de PVC<\/b><span style=\"font-weight: 400;\"> per a la part exterior, amb un acabat en gravat o satinat en els colors cl\u00e0ssics\u00a0Finstral. Per descomptat, les possibilitats de <\/span><b>personalitzaci\u00f3 de les\u00a0verandas<\/b><span style=\"font-weight: 400;\">\u00a0\u00e9s molt \u00e0mplia, ja siguin les finestres tradicionals amb quartons, vidres mat per al sostre o ferratges de seguretat.<\/span><span style=\"font-weight: 400;\"><br \/><\/span><span style=\"font-weight: 400;\"><br \/><\/span><\/p>\n<p>[\/et_pb_text][\/et_pb_column][\/et_pb_row][et_pb_row _builder_version=&#8221;4.9.10&#8243; _module_preset=&#8221;default&#8221;][et_pb_column _builder_version=&#8221;4.9.10&#8243; _module_preset=&#8221;default&#8221; type=&#8221;4_4&#8243;][et_pb_text _builder_version=&#8221;4.9.10&#8243; _module_preset=&#8221;default&#8221; hover_enabled=&#8221;0&#8243; sticky_enabled=&#8221;0&#8243;]<\/p>\n<p><span style=\"font-weight: 400;\">Si vol m\u00e9s informaci\u00f3 sobre les\u00a0<\/span><span style=\"font-weight: 400;\">verandas\u00a0Finstral<\/span><span style=\"font-weight: 400;\">, pots posar-te en <\/span><span style=\"font-weight: 400;\"><a href=\"https:\/\/factoriacanabal.com\/contacto\/\" target=\"_blank\" rel=\"noopener\">contacte<\/a> amb <a href=\"https:\/\/factoriacanabal.com\/disfruta-los-365-dias-del-ano-tu-veranda-finstral\/\" target=\"_blank\" rel=\"noopener\">nosaltres<\/a><\/span> <span style=\"font-weight: 400;\">o visitar-nos a les nostres instal\u00b7lacions a Barcelona. T\u2019oferim assessorament sense comprom\u00eds.<\/span><\/p>\n<p>[\/et_pb_text][\/et_pb_column][\/et_pb_row][\/et_pb_section]<\/p>\n","protected":false},"excerpt":{"rendered":"<p>Les tres l\u00ednies de disseny per als tancaments o verandas Finstral &nbsp; A Factoria Canabal sempre adaptem els tancaments o verandas Finstral a les necessitats de l&#8217;espai en el qual s&#8217;ha d&#8217;instal\u00b7lar. Per aquest motiu, comptem amb tres l\u00ednies de disseny per a triar el disseny de veranda m\u00e9s adequat: Penta, Galleda i Classic.Veranda Finstral [&hellip;]<\/p>\n","protected":false},"author":8,"featured_media":29881,"comment_status":"closed","ping_status":"closed","sticky":false,"template":"","format":"standard","meta":{"_et_pb_use_builder":"on","_et_pb_old_content":"","_et_gb_content_width":"","_monsterinsights_skip_tracking":false,"_monsterinsights_sitenote_active":false,"_monsterinsights_sitenote_note":"","_monsterinsights_sitenote_category":0,"footnotes":""},"categories":[1,59],"tags":[515,513,514,518,517,516],"class_list":["post-29883","post","type-post","status-publish","format-standard","has-post-thumbnail","hentry","category-uncategorized-ca","category-sin-categorizar","tag-instalacio-de-tancaments","tag-instalacio-de-verandas","tag-tancaments-barcelona","tag-verandas-barcelona-ca","tag-verandas-factoria-canabal-ca","tag-verandas-finstral-ca"],"yoast_head":"<!-- This site is optimized with the Yoast SEO plugin v24.2 - https:\/\/yoast.com\/wordpress\/plugins\/seo\/ -->\n<title>Aquestes s\u00f3n les tres l\u00ednies de disseny de les verandas Finstral<\/title>\n<meta name=\"description\" content=\"En Factoria Canabal siempre adaptamos los cerramientos o verandas Finstral a las necesidades del espacio en el que se tiene que instalar.\" \/>\n<meta name=\"robots\" content=\"index, follow, max-snippet:-1, max-image-preview:large, max-video-preview:-1\" \/>\n<link rel=\"canonical\" href=\"https:\/\/factoriacanabal.com\/estas-son-las-tres-lineas-de-diseno-de-las-verandas-finstral\/\" \/>\n<meta property=\"og:locale\" content=\"ca_ES\" \/>\n<meta property=\"og:type\" content=\"article\" \/>\n<meta property=\"og:title\" content=\"Aquestes s\u00f3n les tres l\u00ednies de disseny de les verandas Finstral\" \/>\n<meta property=\"og:description\" content=\"En Factoria Canabal siempre adaptamos los cerramientos o verandas Finstral a las necesidades del espacio en el que se tiene que instalar.\" \/>\n<meta property=\"og:url\" content=\"https:\/\/factoriacanabal.com\/estas-son-las-tres-lineas-de-diseno-de-las-verandas-finstral\/\" \/>\n<meta property=\"og:site_name\" content=\"Factoria Canabal\" \/>\n<meta property=\"article:publisher\" content=\"https:\/\/www.facebook.com\/factoriacanabal\/\" \/>\n<meta property=\"article:published_time\" content=\"2023-01-15T08:14:29+00:00\" \/>\n<meta property=\"article:modified_time\" content=\"2023-06-20T14:52:05+00:00\" \/>\n<meta property=\"og:image\" content=\"https:\/\/factoriacanabal.com\/wp-content\/uploads\/2023\/02\/FACTORIA-CANABAL-BLOG-FEBRERO-2023.jpg\" \/>\n\t<meta property=\"og:image:width\" content=\"1000\" \/>\n\t<meta property=\"og:image:height\" content=\"500\" \/>\n\t<meta property=\"og:image:type\" content=\"image\/jpeg\" \/>\n<meta name=\"author\" content=\"Factoria Canabal\" \/>\n<meta name=\"twitter:card\" content=\"summary_large_image\" \/>\n<meta name=\"twitter:title\" content=\"Aquestes s\u00f3n les tres l\u00ednies de disseny de les verandas Finstral\" \/>\n<meta name=\"twitter:description\" content=\"En Factoria Canabal siempre adaptamos los cerramientos o verandas Finstral a las necesidades del espacio en el que se tiene que instalar.\" \/>\n<meta name=\"twitter:creator\" content=\"@factoriacanabal\" \/>\n<meta name=\"twitter:site\" content=\"@factoriacanabal\" \/>\n<meta name=\"twitter:label1\" content=\"Escrit per\" \/>\n\t<meta name=\"twitter:data1\" content=\"Factoria Canabal\" \/>\n\t<meta name=\"twitter:label2\" content=\"Temps estimat de lectura\" \/>\n\t<meta name=\"twitter:data2\" content=\"3 minuts\" \/>\n<script type=\"application\/ld+json\" class=\"yoast-schema-graph\">{\"@context\":\"https:\/\/schema.org\",\"@graph\":[{\"@type\":\"Article\",\"@id\":\"https:\/\/factoriacanabal.com\/estas-son-las-tres-lineas-de-diseno-de-las-verandas-finstral\/#article\",\"isPartOf\":{\"@id\":\"https:\/\/factoriacanabal.com\/estas-son-las-tres-lineas-de-diseno-de-las-verandas-finstral\/\"},\"author\":{\"name\":\"Factoria Canabal\",\"@id\":\"https:\/\/factoriacanabal.com\/#\/schema\/person\/0aae024bd8639e72eee6505dab39afbe\"},\"headline\":\"Aquestes s\u00f3n les tres l\u00ednies de disseny de les verandas Finstral\",\"datePublished\":\"2023-01-15T08:14:29+00:00\",\"dateModified\":\"2023-06-20T14:52:05+00:00\",\"mainEntityOfPage\":{\"@id\":\"https:\/\/factoriacanabal.com\/estas-son-las-tres-lineas-de-diseno-de-las-verandas-finstral\/\"},\"wordCount\":626,\"publisher\":{\"@id\":\"https:\/\/factoriacanabal.com\/#organization\"},\"image\":{\"@id\":\"https:\/\/factoriacanabal.com\/estas-son-las-tres-lineas-de-diseno-de-las-verandas-finstral\/#primaryimage\"},\"thumbnailUrl\":\"https:\/\/factoriacanabal.com\/wp-content\/uploads\/2023\/02\/FACTORIA-CANABAL-BLOG-FEBRERO-2023.jpg\",\"keywords\":[\"instalacio de tancaments\",\"instalacio de verandas\",\"tancaments barcelona\",\"verandas barcelona\",\"verandas Factoria Canabal\",\"Verandas Finstral\"],\"articleSection\":[\"Sense categor\u00eda\",\"Sin categor\u00eda\"],\"inLanguage\":\"ca\"},{\"@type\":\"WebPage\",\"@id\":\"https:\/\/factoriacanabal.com\/estas-son-las-tres-lineas-de-diseno-de-las-verandas-finstral\/\",\"url\":\"https:\/\/factoriacanabal.com\/estas-son-las-tres-lineas-de-diseno-de-las-verandas-finstral\/\",\"name\":\"Aquestes s\u00f3n les tres l\u00ednies de disseny de les verandas Finstral\",\"isPartOf\":{\"@id\":\"https:\/\/factoriacanabal.com\/#website\"},\"primaryImageOfPage\":{\"@id\":\"https:\/\/factoriacanabal.com\/estas-son-las-tres-lineas-de-diseno-de-las-verandas-finstral\/#primaryimage\"},\"image\":{\"@id\":\"https:\/\/factoriacanabal.com\/estas-son-las-tres-lineas-de-diseno-de-las-verandas-finstral\/#primaryimage\"},\"thumbnailUrl\":\"https:\/\/factoriacanabal.com\/wp-content\/uploads\/2023\/02\/FACTORIA-CANABAL-BLOG-FEBRERO-2023.jpg\",\"datePublished\":\"2023-01-15T08:14:29+00:00\",\"dateModified\":\"2023-06-20T14:52:05+00:00\",\"description\":\"En Factoria Canabal siempre adaptamos los cerramientos o verandas Finstral a las necesidades del espacio en el que se tiene que instalar.\",\"breadcrumb\":{\"@id\":\"https:\/\/factoriacanabal.com\/estas-son-las-tres-lineas-de-diseno-de-las-verandas-finstral\/#breadcrumb\"},\"inLanguage\":\"ca\",\"potentialAction\":[{\"@type\":\"ReadAction\",\"target\":[\"https:\/\/factoriacanabal.com\/estas-son-las-tres-lineas-de-diseno-de-las-verandas-finstral\/\"]}]},{\"@type\":\"ImageObject\",\"inLanguage\":\"ca\",\"@id\":\"https:\/\/factoriacanabal.com\/estas-son-las-tres-lineas-de-diseno-de-las-verandas-finstral\/#primaryimage\",\"url\":\"https:\/\/factoriacanabal.com\/wp-content\/uploads\/2023\/02\/FACTORIA-CANABAL-BLOG-FEBRERO-2023.jpg\",\"contentUrl\":\"https:\/\/factoriacanabal.com\/wp-content\/uploads\/2023\/02\/FACTORIA-CANABAL-BLOG-FEBRERO-2023.jpg\",\"width\":1000,\"height\":500,\"caption\":\"Estas son las tres l\u00edneas de dise\u00f1o de las verandas Finstral\"},{\"@type\":\"BreadcrumbList\",\"@id\":\"https:\/\/factoriacanabal.com\/estas-son-las-tres-lineas-de-diseno-de-las-verandas-finstral\/#breadcrumb\",\"itemListElement\":[{\"@type\":\"ListItem\",\"position\":1,\"name\":\"Inici\",\"item\":\"https:\/\/factoriacanabal.com\/ca\/inici\/\"},{\"@type\":\"ListItem\",\"position\":2,\"name\":\"Aquestes s\u00f3n les tres l\u00ednies de disseny de les verandas Finstral\"}]},{\"@type\":\"WebSite\",\"@id\":\"https:\/\/factoriacanabal.com\/#website\",\"url\":\"https:\/\/factoriacanabal.com\/\",\"name\":\"Factoria Canabal\",\"description\":\"Finstral Partner Studio\",\"publisher\":{\"@id\":\"https:\/\/factoriacanabal.com\/#organization\"},\"potentialAction\":[{\"@type\":\"SearchAction\",\"target\":{\"@type\":\"EntryPoint\",\"urlTemplate\":\"https:\/\/factoriacanabal.com\/?s={search_term_string}\"},\"query-input\":{\"@type\":\"PropertyValueSpecification\",\"valueRequired\":true,\"valueName\":\"search_term_string\"}}],\"inLanguage\":\"ca\"},{\"@type\":\"Organization\",\"@id\":\"https:\/\/factoriacanabal.com\/#organization\",\"name\":\"Factoria Canabal\",\"url\":\"https:\/\/factoriacanabal.com\/\",\"logo\":{\"@type\":\"ImageObject\",\"inLanguage\":\"ca\",\"@id\":\"https:\/\/factoriacanabal.com\/#\/schema\/logo\/image\/\",\"url\":\"https:\/\/factoriacanabal.com\/wp-content\/uploads\/2018\/11\/logo_cabecera.jpg\",\"contentUrl\":\"https:\/\/factoriacanabal.com\/wp-content\/uploads\/2018\/11\/logo_cabecera.jpg\",\"width\":340,\"height\":156,\"caption\":\"Factoria Canabal\"},\"image\":{\"@id\":\"https:\/\/factoriacanabal.com\/#\/schema\/logo\/image\/\"},\"sameAs\":[\"https:\/\/www.facebook.com\/factoriacanabal\/\",\"https:\/\/x.com\/factoriacanabal\",\"https:\/\/www.youtube.com\/user\/Factoriavidres\"]},{\"@type\":\"Person\",\"@id\":\"https:\/\/factoriacanabal.com\/#\/schema\/person\/0aae024bd8639e72eee6505dab39afbe\",\"name\":\"Factoria Canabal\",\"url\":\"https:\/\/factoriacanabal.com\/ca\/author\/canabal\/\"}]}<\/script>\n<!-- \/ Yoast SEO plugin. -->","yoast_head_json":{"title":"Aquestes s\u00f3n les tres l\u00ednies de disseny de les verandas Finstral","description":"En Factoria Canabal siempre adaptamos los cerramientos o verandas Finstral a las necesidades del espacio en el que se tiene que instalar.","robots":{"index":"index","follow":"follow","max-snippet":"max-snippet:-1","max-image-preview":"max-image-preview:large","max-video-preview":"max-video-preview:-1"},"canonical":"https:\/\/factoriacanabal.com\/estas-son-las-tres-lineas-de-diseno-de-las-verandas-finstral\/","og_locale":"ca_ES","og_type":"article","og_title":"Aquestes s\u00f3n les tres l\u00ednies de disseny de les verandas Finstral","og_description":"En Factoria Canabal siempre adaptamos los cerramientos o verandas Finstral a las necesidades del espacio en el que se tiene que instalar.","og_url":"https:\/\/factoriacanabal.com\/estas-son-las-tres-lineas-de-diseno-de-las-verandas-finstral\/","og_site_name":"Factoria Canabal","article_publisher":"https:\/\/www.facebook.com\/factoriacanabal\/","article_published_time":"2023-01-15T08:14:29+00:00","article_modified_time":"2023-06-20T14:52:05+00:00","og_image":[{"width":1000,"height":500,"url":"https:\/\/factoriacanabal.com\/wp-content\/uploads\/2023\/02\/FACTORIA-CANABAL-BLOG-FEBRERO-2023.jpg","type":"image\/jpeg"}],"author":"Factoria Canabal","twitter_card":"summary_large_image","twitter_title":"Aquestes s\u00f3n les tres l\u00ednies de disseny de les verandas Finstral","twitter_description":"En Factoria Canabal siempre adaptamos los cerramientos o verandas Finstral a las necesidades del espacio en el que se tiene que instalar.","twitter_creator":"@factoriacanabal","twitter_site":"@factoriacanabal","twitter_misc":{"Escrit per":"Factoria Canabal","Temps estimat de lectura":"3 minuts"},"schema":{"@context":"https:\/\/schema.org","@graph":[{"@type":"Article","@id":"https:\/\/factoriacanabal.com\/estas-son-las-tres-lineas-de-diseno-de-las-verandas-finstral\/#article","isPartOf":{"@id":"https:\/\/factoriacanabal.com\/estas-son-las-tres-lineas-de-diseno-de-las-verandas-finstral\/"},"author":{"name":"Factoria Canabal","@id":"https:\/\/factoriacanabal.com\/#\/schema\/person\/0aae024bd8639e72eee6505dab39afbe"},"headline":"Aquestes s\u00f3n les tres l\u00ednies de disseny de les verandas Finstral","datePublished":"2023-01-15T08:14:29+00:00","dateModified":"2023-06-20T14:52:05+00:00","mainEntityOfPage":{"@id":"https:\/\/factoriacanabal.com\/estas-son-las-tres-lineas-de-diseno-de-las-verandas-finstral\/"},"wordCount":626,"publisher":{"@id":"https:\/\/factoriacanabal.com\/#organization"},"image":{"@id":"https:\/\/factoriacanabal.com\/estas-son-las-tres-lineas-de-diseno-de-las-verandas-finstral\/#primaryimage"},"thumbnailUrl":"https:\/\/factoriacanabal.com\/wp-content\/uploads\/2023\/02\/FACTORIA-CANABAL-BLOG-FEBRERO-2023.jpg","keywords":["instalacio de tancaments","instalacio de verandas","tancaments barcelona","verandas barcelona","verandas Factoria Canabal","Verandas Finstral"],"articleSection":["Sense categor\u00eda","Sin categor\u00eda"],"inLanguage":"ca"},{"@type":"WebPage","@id":"https:\/\/factoriacanabal.com\/estas-son-las-tres-lineas-de-diseno-de-las-verandas-finstral\/","url":"https:\/\/factoriacanabal.com\/estas-son-las-tres-lineas-de-diseno-de-las-verandas-finstral\/","name":"Aquestes s\u00f3n les tres l\u00ednies de disseny de les verandas Finstral","isPartOf":{"@id":"https:\/\/factoriacanabal.com\/#website"},"primaryImageOfPage":{"@id":"https:\/\/factoriacanabal.com\/estas-son-las-tres-lineas-de-diseno-de-las-verandas-finstral\/#primaryimage"},"image":{"@id":"https:\/\/factoriacanabal.com\/estas-son-las-tres-lineas-de-diseno-de-las-verandas-finstral\/#primaryimage"},"thumbnailUrl":"https:\/\/factoriacanabal.com\/wp-content\/uploads\/2023\/02\/FACTORIA-CANABAL-BLOG-FEBRERO-2023.jpg","datePublished":"2023-01-15T08:14:29+00:00","dateModified":"2023-06-20T14:52:05+00:00","description":"En Factoria Canabal siempre adaptamos los cerramientos o verandas Finstral a las necesidades del espacio en el que se tiene que instalar.","breadcrumb":{"@id":"https:\/\/factoriacanabal.com\/estas-son-las-tres-lineas-de-diseno-de-las-verandas-finstral\/#breadcrumb"},"inLanguage":"ca","potentialAction":[{"@type":"ReadAction","target":["https:\/\/factoriacanabal.com\/estas-son-las-tres-lineas-de-diseno-de-las-verandas-finstral\/"]}]},{"@type":"ImageObject","inLanguage":"ca","@id":"https:\/\/factoriacanabal.com\/estas-son-las-tres-lineas-de-diseno-de-las-verandas-finstral\/#primaryimage","url":"https:\/\/factoriacanabal.com\/wp-content\/uploads\/2023\/02\/FACTORIA-CANABAL-BLOG-FEBRERO-2023.jpg","contentUrl":"https:\/\/factoriacanabal.com\/wp-content\/uploads\/2023\/02\/FACTORIA-CANABAL-BLOG-FEBRERO-2023.jpg","width":1000,"height":500,"caption":"Estas son las tres l\u00edneas de dise\u00f1o de las verandas Finstral"},{"@type":"BreadcrumbList","@id":"https:\/\/factoriacanabal.com\/estas-son-las-tres-lineas-de-diseno-de-las-verandas-finstral\/#breadcrumb","itemListElement":[{"@type":"ListItem","position":1,"name":"Inici","item":"https:\/\/factoriacanabal.com\/ca\/inici\/"},{"@type":"ListItem","position":2,"name":"Aquestes s\u00f3n les tres l\u00ednies de disseny de les verandas Finstral"}]},{"@type":"WebSite","@id":"https:\/\/factoriacanabal.com\/#website","url":"https:\/\/factoriacanabal.com\/","name":"Factoria Canabal","description":"Finstral Partner Studio","publisher":{"@id":"https:\/\/factoriacanabal.com\/#organization"},"potentialAction":[{"@type":"SearchAction","target":{"@type":"EntryPoint","urlTemplate":"https:\/\/factoriacanabal.com\/?s={search_term_string}"},"query-input":{"@type":"PropertyValueSpecification","valueRequired":true,"valueName":"search_term_string"}}],"inLanguage":"ca"},{"@type":"Organization","@id":"https:\/\/factoriacanabal.com\/#organization","name":"Factoria Canabal","url":"https:\/\/factoriacanabal.com\/","logo":{"@type":"ImageObject","inLanguage":"ca","@id":"https:\/\/factoriacanabal.com\/#\/schema\/logo\/image\/","url":"https:\/\/factoriacanabal.com\/wp-content\/uploads\/2018\/11\/logo_cabecera.jpg","contentUrl":"https:\/\/factoriacanabal.com\/wp-content\/uploads\/2018\/11\/logo_cabecera.jpg","width":340,"height":156,"caption":"Factoria Canabal"},"image":{"@id":"https:\/\/factoriacanabal.com\/#\/schema\/logo\/image\/"},"sameAs":["https:\/\/www.facebook.com\/factoriacanabal\/","https:\/\/x.com\/factoriacanabal","https:\/\/www.youtube.com\/user\/Factoriavidres"]},{"@type":"Person","@id":"https:\/\/factoriacanabal.com\/#\/schema\/person\/0aae024bd8639e72eee6505dab39afbe","name":"Factoria Canabal","url":"https:\/\/factoriacanabal.com\/ca\/author\/canabal\/"}]}},"_links":{"self":[{"href":"https:\/\/factoriacanabal.com\/ca\/wp-json\/wp\/v2\/posts\/29883"}],"collection":[{"href":"https:\/\/factoriacanabal.com\/ca\/wp-json\/wp\/v2\/posts"}],"about":[{"href":"https:\/\/factoriacanabal.com\/ca\/wp-json\/wp\/v2\/types\/post"}],"author":[{"embeddable":true,"href":"https:\/\/factoriacanabal.com\/ca\/wp-json\/wp\/v2\/users\/8"}],"replies":[{"embeddable":true,"href":"https:\/\/factoriacanabal.com\/ca\/wp-json\/wp\/v2\/comments?post=29883"}],"version-history":[{"count":2,"href":"https:\/\/factoriacanabal.com\/ca\/wp-json\/wp\/v2\/posts\/29883\/revisions"}],"predecessor-version":[{"id":29886,"href":"https:\/\/factoriacanabal.com\/ca\/wp-json\/wp\/v2\/posts\/29883\/revisions\/29886"}],"wp:featuredmedia":[{"embeddable":true,"href":"https:\/\/factoriacanabal.com\/ca\/wp-json\/wp\/v2\/media\/29881"}],"wp:attachment":[{"href":"https:\/\/factoriacanabal.com\/ca\/wp-json\/wp\/v2\/media?parent=29883"}],"wp:term":[{"taxonomy":"category","embeddable":true,"href":"https:\/\/factoriacanabal.com\/ca\/wp-json\/wp\/v2\/categories?post=29883"},{"taxonomy":"post_tag","embeddable":true,"href":"https:\/\/factoriacanabal.com\/ca\/wp-json\/wp\/v2\/tags?post=29883"}],"curies":[{"name":"wp","href":"https:\/\/api.w.org\/{rel}","templated":true}]}}