{"id":32192,"date":"2023-10-30T10:45:17","date_gmt":"2023-10-30T10:45:17","guid":{"rendered":"https:\/\/factoriacanabal.com\/?p=32192"},"modified":"2023-12-04T20:07:17","modified_gmt":"2023-12-04T20:07:17","slug":"instal%c2%b7lacio-de-finestres-de-pvc-a-barcelona","status":"publish","type":"post","link":"https:\/\/factoriacanabal.com\/ca\/instal%c2%b7lacio-de-finestres-de-pvc-a-barcelona\/","title":{"rendered":"Instal\u00b7laci\u00f3 de finestres de PVC al carrer Muntaner de Barcelona"},"content":{"rendered":"<h2><em>Instal\u00b7laci\u00f3 de finestres de pvc Finstral per a un pis del carrer Muntaner de Barcelona.<\/em><\/h2>\n<p><a href=\"https:\/\/factoriacanabal.com\/wp-content\/uploads\/2023\/10\/Instalacio_finestres_pvc_Barcelona-300x300.png\"><img loading=\"lazy\" decoding=\"async\" class=\"size-medium wp-image-32201 aligncenter\" src=\"https:\/\/factoriacanabal.com\/wp-content\/uploads\/2023\/10\/Instalacio_finestres_pvc_Barcelona-300x300.png\" alt=\"\" width=\"300\" height=\"300\" \/><\/a><\/p>\n<h3>INSTAL\u00b7LACI\u00d3 DE FINESTRES<\/h3>\n<p>La instal\u00b7laci\u00f3 de finestres a la teva llar mai hauria de ser un problema, sin\u00f3 tot el contrari. Quan ens canviem de finestres, solucionem diversos problemes que podem tenir a casa: soroll, calor i\/o fred, intrusos, est\u00e8tica, senzillament el deteriorament de les existents\u2026 Per\u00f2 a pateix per una possible \u2018obra\u2019.<\/p>\n<p><a href=\"https:\/\/factoriacanabal.com\/wp-content\/uploads\/2023\/10\/Finstral_Barcelona_pvc-1-300x300.png\"><img loading=\"lazy\" decoding=\"async\" class=\"size-medium wp-image-32199 aligncenter\" src=\"https:\/\/factoriacanabal.com\/wp-content\/uploads\/2023\/10\/Finstral_Barcelona_pvc-1-300x300.png\" alt=\"\" width=\"300\" height=\"300\" \/><\/a><\/p>\n<h3>INSTAL\u00b7LACI\u00d3 PROFESSIONAL<\/h3>\n<p>Amb la certificaci\u00f3 de <a href=\"https:\/\/factoriacanabal.com\/ca\/muntatge-certificat-ift-finestres-finstral\/\">muntatge professional d&#8217;IFT<\/a> que disposa Factoria Canabal, tenim la garantia que el muntatge ser\u00e0 r\u00e0pid, net i complint els m\u00e9s alts est\u00e0ndards de qualitat. En aquest sentit ni tan sols tindr\u00e0s la sensaci\u00f3 de fer una obra a casa.<\/p>\n<p>Aquesta refer\u00e8ncia, en qu\u00e8 la instal\u00b7laci\u00f3 \u00e9s de<a href=\"https:\/\/factoriacanabal.com\/ca\/finestres-pvc\/\"> finestres de pvc Finstral<\/a>, a m\u00e9s de balconeres i fixes, \u00e9s un bon exemple d&#8217;aix\u00f2. En tres dies es van renovar totes les finestres en aquest pis del carrer Muntaner de Barcelona. Els buits en els quals es retiren les finestres antigues sempre queden tapats per les noves finestres Finstral al final del dia, es recull tot el material perqu\u00e8 no molesti i es deixa la zona ben neta.<\/p>\n<p><a href=\"https:\/\/factoriacanabal.com\/wp-content\/uploads\/2023\/10\/pvc_barcelona-1-300x300.png\"><img loading=\"lazy\" decoding=\"async\" class=\"size-medium wp-image-32203 aligncenter\" src=\"https:\/\/factoriacanabal.com\/wp-content\/uploads\/2023\/10\/pvc_barcelona-1-300x300.png\" alt=\"\" width=\"300\" height=\"300\" \/><\/a><\/p>\n<h3>FINESTRES PVC FINSTRAL<\/h3>\n<p>El producte que veiem s\u00f3n finestres de PVC Finstral. Aquesta marca lidera el sector de les finestres al mercat europeu. Es caracteritzen per tenir finestres molt a\u00efllants amb una est\u00e8tica molt bonica. L&#8217;alta qualitat dels materials i la tecnologia desenvolupada per <a href=\"https:\/\/www.finstral.com\/es\/home\/1-0.html\">Finstral<\/a>, permet que les seves finestres siguin les m\u00e9s a\u00efllants, tant a nivell t\u00e8rmic com ac\u00fastic i destaquin per la seguretat, la durabilitat i el f\u00e0cil manteniment que ens ofereixen.<\/p>\n<p><a href=\"https:\/\/factoriacanabal.com\/wp-content\/uploads\/2023\/10\/finestres_finstral_barcelona-300x300.png\"><img loading=\"lazy\" decoding=\"async\" class=\"size-medium wp-image-32193 aligncenter\" src=\"https:\/\/factoriacanabal.com\/wp-content\/uploads\/2023\/10\/finestres_finstral_barcelona-300x300.png\" alt=\"\" width=\"300\" height=\"300\" \/><\/a><\/p>\n<h3>FINESTRES A BARCELONA<\/h3>\n<p>Com podem observar a les imatges, les obertures d&#8217;aquest pis s\u00f3n diferents. Tenim finestres de pvc i uns fixos que formen una glorieta de tres peces, que unim amb acoblaments d&#8217;alta qualitat Finstral. Tamb\u00e9 tenim una finestra que porta registre de persiana, la qual tamb\u00e9 instal\u00b7lem, motoritzem i dom\u00f2titzem. D&#8217;altra banda, veiem una porta balconera de pvc i un marc bandera que donen pas a diferents balcons. En qualsevol cas, els acabats interiors i exteriors s\u00f3n impecables.<\/p>\n<p>Amb aquesta instal\u00b7laci\u00f3 de finestres a Barcelona, aconseguim estalvi energ\u00e8tic i benestar gr\u00e0cies als a\u00efllaments t\u00e8rmic i ac\u00fastic. <a href=\"https:\/\/factoriacanabal.com\/ca\/\">Factoria Canabal<\/a> \u00e9s una asseguran\u00e7a.<\/p>\n<p><a href=\"https:\/\/factoriacanabal.com\/wp-content\/uploads\/2023\/10\/Finestres_pvc_barcelona-300x300.png\"><img loading=\"lazy\" decoding=\"async\" class=\"size-medium wp-image-32197 aligncenter\" src=\"https:\/\/factoriacanabal.com\/wp-content\/uploads\/2023\/10\/Finestres_pvc_barcelona-300x300.png\" alt=\"\" width=\"300\" height=\"300\" \/><\/a><\/p>\n<p>No dubtis a contactar amb nosaltres, t&#8217;oferim una visita gratu\u00efta al teu pis per trobar la millor soluci\u00f3!<\/p>\n<p>Si vols m\u00e9s informaci\u00f3 sobre finestres, entra al nostre <strong><a href=\"https:\/\/factoriacanabal.com\/ca\/blog\/\">blog<\/a><\/strong><\/p>\n","protected":false},"excerpt":{"rendered":"<p>Instal\u00b7laci\u00f3 de finestres de pvc Finstral per a un pis del carrer Muntaner de Barcelona. INSTAL\u00b7LACI\u00d3 DE FINESTRES La instal\u00b7laci\u00f3 de finestres a la teva llar mai hauria de ser un problema, sin\u00f3 tot el contrari. Quan ens canviem de finestres, solucionem diversos problemes que podem tenir a casa: soroll, calor i\/o fred, intrusos, est\u00e8tica, [&hellip;]<\/p>\n","protected":false},"author":3,"featured_media":32186,"comment_status":"closed","ping_status":"closed","sticky":false,"template":"","format":"standard","meta":{"_et_pb_use_builder":"","_et_pb_old_content":"","_et_gb_content_width":"","_monsterinsights_skip_tracking":false,"_monsterinsights_sitenote_active":false,"_monsterinsights_sitenote_note":"","_monsterinsights_sitenote_category":0,"footnotes":""},"categories":[555],"tags":[347,127,126,180,136,352,243,538,131,497,143,536,199,431,353,217,503,374,381,432,502],"class_list":["post-32192","post","type-post","status-publish","format-standard","has-post-thumbnail","hentry","category-installacio-finestres","tag-aillament","tag-aillament-acustic","tag-aillament-termic","tag-barcelona","tag-eficiencia-energetica","tag-factoria-canabal-ca","tag-finestres","tag-finestres-a-barcelona-ca","tag-finestres-aillants","tag-finestres-aillants-a-barcelona","tag-finestres-de-pvc","tag-finestres-de-pvc-a-barcelona-ca","tag-finestres-eficients","tag-finestres-finstral","tag-finstral-ca","tag-installacio-de-finestres","tag-installacio-de-finestres-aillants-a-barcelona","tag-pvc-ca","tag-qualitat","tag-varietat-de-finestres","tag-installacio-de-finestres-aillants"],"yoast_head":"<!-- This site is optimized with the Yoast SEO plugin v24.2 - https:\/\/yoast.com\/wordpress\/plugins\/seo\/ -->\n<title>Instal\u00b7laci\u00f3 de finestres de PVC al carrer Muntaner de Barcelona &#8211; Factoria Canabal<\/title>\n<meta name=\"robots\" content=\"index, follow, max-snippet:-1, max-image-preview:large, max-video-preview:-1\" \/>\n<link rel=\"canonical\" href=\"https:\/\/factoriacanabal.com\/instalacion-de-ventanas-de-pvc-en-barcelona\/\" \/>\n<meta property=\"og:locale\" content=\"ca_ES\" \/>\n<meta property=\"og:type\" content=\"article\" \/>\n<meta property=\"og:title\" content=\"Instal\u00b7laci\u00f3 de finestres de PVC al carrer Muntaner de Barcelona &#8211; Factoria Canabal\" \/>\n<meta property=\"og:description\" content=\"Instal\u00b7laci\u00f3 de finestres de pvc Finstral per a un pis del carrer Muntaner de Barcelona. INSTAL\u00b7LACI\u00d3 DE FINESTRES La instal\u00b7laci\u00f3 de finestres a la teva llar mai hauria de ser un problema, sin\u00f3 tot el contrari. Quan ens canviem de finestres, solucionem diversos problemes que podem tenir a casa: soroll, calor i\/o fred, intrusos, est\u00e8tica, [&hellip;]\" \/>\n<meta property=\"og:url\" content=\"https:\/\/factoriacanabal.com\/instalacion-de-ventanas-de-pvc-en-barcelona\/\" \/>\n<meta property=\"og:site_name\" content=\"Factoria Canabal\" \/>\n<meta property=\"article:publisher\" content=\"https:\/\/www.facebook.com\/factoriacanabal\/\" \/>\n<meta property=\"article:published_time\" content=\"2023-10-30T10:45:17+00:00\" \/>\n<meta property=\"article:modified_time\" content=\"2023-12-04T20:07:17+00:00\" \/>\n<meta property=\"og:image\" content=\"https:\/\/factoriacanabal.com\/wp-content\/uploads\/2023\/10\/ventanas_pvc.png\" \/>\n\t<meta property=\"og:image:width\" content=\"1080\" \/>\n\t<meta property=\"og:image:height\" content=\"1080\" \/>\n\t<meta property=\"og:image:type\" content=\"image\/png\" \/>\n<meta name=\"author\" content=\"Marta\" \/>\n<meta name=\"twitter:card\" content=\"summary_large_image\" \/>\n<meta name=\"twitter:creator\" content=\"@factoriacanabal\" \/>\n<meta name=\"twitter:site\" content=\"@factoriacanabal\" \/>\n<meta name=\"twitter:label1\" content=\"Escrit per\" \/>\n\t<meta name=\"twitter:data1\" content=\"Marta\" \/>\n\t<meta name=\"twitter:label2\" content=\"Temps estimat de lectura\" \/>\n\t<meta name=\"twitter:data2\" content=\"2 minuts\" \/>\n<script type=\"application\/ld+json\" class=\"yoast-schema-graph\">{\"@context\":\"https:\/\/schema.org\",\"@graph\":[{\"@type\":\"Article\",\"@id\":\"https:\/\/factoriacanabal.com\/instalacion-de-ventanas-de-pvc-en-barcelona\/#article\",\"isPartOf\":{\"@id\":\"https:\/\/factoriacanabal.com\/instalacion-de-ventanas-de-pvc-en-barcelona\/\"},\"author\":{\"name\":\"Marta\",\"@id\":\"https:\/\/factoriacanabal.com\/#\/schema\/person\/64f4df18db917ef052ef0579cd07bce9\"},\"headline\":\"Instal\u00b7laci\u00f3 de finestres de PVC al carrer Muntaner de Barcelona\",\"datePublished\":\"2023-10-30T10:45:17+00:00\",\"dateModified\":\"2023-12-04T20:07:17+00:00\",\"mainEntityOfPage\":{\"@id\":\"https:\/\/factoriacanabal.com\/instalacion-de-ventanas-de-pvc-en-barcelona\/\"},\"wordCount\":447,\"publisher\":{\"@id\":\"https:\/\/factoriacanabal.com\/#organization\"},\"image\":{\"@id\":\"https:\/\/factoriacanabal.com\/instalacion-de-ventanas-de-pvc-en-barcelona\/#primaryimage\"},\"thumbnailUrl\":\"https:\/\/factoriacanabal.com\/wp-content\/uploads\/2023\/10\/ventanas_pvc.png\",\"keywords\":[\"a\u00efllament\",\"a\u00efllament ac\u00fastic\",\"a\u00efllament t\u00e8rmic\",\"barcelona\",\"efici\u00e8ncia energ\u00e8tica\",\"Factoria Canabal\",\"finestres\",\"finestres a Barcelona\",\"finestres a\u00efllants\",\"finestres a\u00efllants a barcelona\",\"finestres de pvc\",\"finestres de PVC a Barcelona\",\"finestres eficients\",\"finestres Finstral\",\"finstral\",\"instal\u00b7laci\u00f3 de finestres\",\"instal\u00b7laci\u00f3 de finestres a\u00efllants a barcelona\",\"pvc\",\"qualitat.\",\"varietat de finestres\",\"\u200b\u200binstal\u00b7laci\u00f3 de finestres a\u00efllants\"],\"articleSection\":[\"Instal\u00b7laci\u00f3 de finestres\"],\"inLanguage\":\"ca\"},{\"@type\":\"WebPage\",\"@id\":\"https:\/\/factoriacanabal.com\/instalacion-de-ventanas-de-pvc-en-barcelona\/\",\"url\":\"https:\/\/factoriacanabal.com\/instalacion-de-ventanas-de-pvc-en-barcelona\/\",\"name\":\"Instal\u00b7laci\u00f3 de finestres de PVC al carrer Muntaner de Barcelona &#8211; Factoria Canabal\",\"isPartOf\":{\"@id\":\"https:\/\/factoriacanabal.com\/#website\"},\"primaryImageOfPage\":{\"@id\":\"https:\/\/factoriacanabal.com\/instalacion-de-ventanas-de-pvc-en-barcelona\/#primaryimage\"},\"image\":{\"@id\":\"https:\/\/factoriacanabal.com\/instalacion-de-ventanas-de-pvc-en-barcelona\/#primaryimage\"},\"thumbnailUrl\":\"https:\/\/factoriacanabal.com\/wp-content\/uploads\/2023\/10\/ventanas_pvc.png\",\"datePublished\":\"2023-10-30T10:45:17+00:00\",\"dateModified\":\"2023-12-04T20:07:17+00:00\",\"breadcrumb\":{\"@id\":\"https:\/\/factoriacanabal.com\/instalacion-de-ventanas-de-pvc-en-barcelona\/#breadcrumb\"},\"inLanguage\":\"ca\",\"potentialAction\":[{\"@type\":\"ReadAction\",\"target\":[\"https:\/\/factoriacanabal.com\/instalacion-de-ventanas-de-pvc-en-barcelona\/\"]}]},{\"@type\":\"ImageObject\",\"inLanguage\":\"ca\",\"@id\":\"https:\/\/factoriacanabal.com\/instalacion-de-ventanas-de-pvc-en-barcelona\/#primaryimage\",\"url\":\"https:\/\/factoriacanabal.com\/wp-content\/uploads\/2023\/10\/ventanas_pvc.png\",\"contentUrl\":\"https:\/\/factoriacanabal.com\/wp-content\/uploads\/2023\/10\/ventanas_pvc.png\",\"width\":1080,\"height\":1080,\"caption\":\"instalaci\u00f3n ventanas pvc\"},{\"@type\":\"BreadcrumbList\",\"@id\":\"https:\/\/factoriacanabal.com\/instalacion-de-ventanas-de-pvc-en-barcelona\/#breadcrumb\",\"itemListElement\":[{\"@type\":\"ListItem\",\"position\":1,\"name\":\"Inici\",\"item\":\"https:\/\/factoriacanabal.com\/ca\/inici\/\"},{\"@type\":\"ListItem\",\"position\":2,\"name\":\"Instal\u00b7laci\u00f3 de finestres de PVC al carrer Muntaner de Barcelona\"}]},{\"@type\":\"WebSite\",\"@id\":\"https:\/\/factoriacanabal.com\/#website\",\"url\":\"https:\/\/factoriacanabal.com\/\",\"name\":\"Factoria Canabal\",\"description\":\"Finstral Partner Studio\",\"publisher\":{\"@id\":\"https:\/\/factoriacanabal.com\/#organization\"},\"potentialAction\":[{\"@type\":\"SearchAction\",\"target\":{\"@type\":\"EntryPoint\",\"urlTemplate\":\"https:\/\/factoriacanabal.com\/?s={search_term_string}\"},\"query-input\":{\"@type\":\"PropertyValueSpecification\",\"valueRequired\":true,\"valueName\":\"search_term_string\"}}],\"inLanguage\":\"ca\"},{\"@type\":\"Organization\",\"@id\":\"https:\/\/factoriacanabal.com\/#organization\",\"name\":\"Factoria Canabal\",\"url\":\"https:\/\/factoriacanabal.com\/\",\"logo\":{\"@type\":\"ImageObject\",\"inLanguage\":\"ca\",\"@id\":\"https:\/\/factoriacanabal.com\/#\/schema\/logo\/image\/\",\"url\":\"https:\/\/factoriacanabal.com\/wp-content\/uploads\/2018\/11\/logo_cabecera.jpg\",\"contentUrl\":\"https:\/\/factoriacanabal.com\/wp-content\/uploads\/2018\/11\/logo_cabecera.jpg\",\"width\":340,\"height\":156,\"caption\":\"Factoria Canabal\"},\"image\":{\"@id\":\"https:\/\/factoriacanabal.com\/#\/schema\/logo\/image\/\"},\"sameAs\":[\"https:\/\/www.facebook.com\/factoriacanabal\/\",\"https:\/\/x.com\/factoriacanabal\",\"https:\/\/www.youtube.com\/user\/Factoriavidres\"]},{\"@type\":\"Person\",\"@id\":\"https:\/\/factoriacanabal.com\/#\/schema\/person\/64f4df18db917ef052ef0579cd07bce9\",\"name\":\"Marta\",\"url\":\"https:\/\/factoriacanabal.com\/ca\/author\/marta\/\"}]}<\/script>\n<!-- \/ Yoast SEO plugin. -->","yoast_head_json":{"title":"Instal\u00b7laci\u00f3 de finestres de PVC al carrer Muntaner de Barcelona &#8211; Factoria Canabal","robots":{"index":"index","follow":"follow","max-snippet":"max-snippet:-1","max-image-preview":"max-image-preview:large","max-video-preview":"max-video-preview:-1"},"canonical":"https:\/\/factoriacanabal.com\/instalacion-de-ventanas-de-pvc-en-barcelona\/","og_locale":"ca_ES","og_type":"article","og_title":"Instal\u00b7laci\u00f3 de finestres de PVC al carrer Muntaner de Barcelona &#8211; Factoria Canabal","og_description":"Instal\u00b7laci\u00f3 de finestres de pvc Finstral per a un pis del carrer Muntaner de Barcelona. INSTAL\u00b7LACI\u00d3 DE FINESTRES La instal\u00b7laci\u00f3 de finestres a la teva llar mai hauria de ser un problema, sin\u00f3 tot el contrari. Quan ens canviem de finestres, solucionem diversos problemes que podem tenir a casa: soroll, calor i\/o fred, intrusos, est\u00e8tica, [&hellip;]","og_url":"https:\/\/factoriacanabal.com\/instalacion-de-ventanas-de-pvc-en-barcelona\/","og_site_name":"Factoria Canabal","article_publisher":"https:\/\/www.facebook.com\/factoriacanabal\/","article_published_time":"2023-10-30T10:45:17+00:00","article_modified_time":"2023-12-04T20:07:17+00:00","og_image":[{"width":1080,"height":1080,"url":"https:\/\/factoriacanabal.com\/wp-content\/uploads\/2023\/10\/ventanas_pvc.png","type":"image\/png"}],"author":"Marta","twitter_card":"summary_large_image","twitter_creator":"@factoriacanabal","twitter_site":"@factoriacanabal","twitter_misc":{"Escrit per":"Marta","Temps estimat de lectura":"2 minuts"},"schema":{"@context":"https:\/\/schema.org","@graph":[{"@type":"Article","@id":"https:\/\/factoriacanabal.com\/instalacion-de-ventanas-de-pvc-en-barcelona\/#article","isPartOf":{"@id":"https:\/\/factoriacanabal.com\/instalacion-de-ventanas-de-pvc-en-barcelona\/"},"author":{"name":"Marta","@id":"https:\/\/factoriacanabal.com\/#\/schema\/person\/64f4df18db917ef052ef0579cd07bce9"},"headline":"Instal\u00b7laci\u00f3 de finestres de PVC al carrer Muntaner de Barcelona","datePublished":"2023-10-30T10:45:17+00:00","dateModified":"2023-12-04T20:07:17+00:00","mainEntityOfPage":{"@id":"https:\/\/factoriacanabal.com\/instalacion-de-ventanas-de-pvc-en-barcelona\/"},"wordCount":447,"publisher":{"@id":"https:\/\/factoriacanabal.com\/#organization"},"image":{"@id":"https:\/\/factoriacanabal.com\/instalacion-de-ventanas-de-pvc-en-barcelona\/#primaryimage"},"thumbnailUrl":"https:\/\/factoriacanabal.com\/wp-content\/uploads\/2023\/10\/ventanas_pvc.png","keywords":["a\u00efllament","a\u00efllament ac\u00fastic","a\u00efllament t\u00e8rmic","barcelona","efici\u00e8ncia energ\u00e8tica","Factoria Canabal","finestres","finestres a Barcelona","finestres a\u00efllants","finestres a\u00efllants a barcelona","finestres de pvc","finestres de PVC a Barcelona","finestres eficients","finestres Finstral","finstral","instal\u00b7laci\u00f3 de finestres","instal\u00b7laci\u00f3 de finestres a\u00efllants a barcelona","pvc","qualitat.","varietat de finestres","\u200b\u200binstal\u00b7laci\u00f3 de finestres a\u00efllants"],"articleSection":["Instal\u00b7laci\u00f3 de finestres"],"inLanguage":"ca"},{"@type":"WebPage","@id":"https:\/\/factoriacanabal.com\/instalacion-de-ventanas-de-pvc-en-barcelona\/","url":"https:\/\/factoriacanabal.com\/instalacion-de-ventanas-de-pvc-en-barcelona\/","name":"Instal\u00b7laci\u00f3 de finestres de PVC al carrer Muntaner de Barcelona &#8211; Factoria Canabal","isPartOf":{"@id":"https:\/\/factoriacanabal.com\/#website"},"primaryImageOfPage":{"@id":"https:\/\/factoriacanabal.com\/instalacion-de-ventanas-de-pvc-en-barcelona\/#primaryimage"},"image":{"@id":"https:\/\/factoriacanabal.com\/instalacion-de-ventanas-de-pvc-en-barcelona\/#primaryimage"},"thumbnailUrl":"https:\/\/factoriacanabal.com\/wp-content\/uploads\/2023\/10\/ventanas_pvc.png","datePublished":"2023-10-30T10:45:17+00:00","dateModified":"2023-12-04T20:07:17+00:00","breadcrumb":{"@id":"https:\/\/factoriacanabal.com\/instalacion-de-ventanas-de-pvc-en-barcelona\/#breadcrumb"},"inLanguage":"ca","potentialAction":[{"@type":"ReadAction","target":["https:\/\/factoriacanabal.com\/instalacion-de-ventanas-de-pvc-en-barcelona\/"]}]},{"@type":"ImageObject","inLanguage":"ca","@id":"https:\/\/factoriacanabal.com\/instalacion-de-ventanas-de-pvc-en-barcelona\/#primaryimage","url":"https:\/\/factoriacanabal.com\/wp-content\/uploads\/2023\/10\/ventanas_pvc.png","contentUrl":"https:\/\/factoriacanabal.com\/wp-content\/uploads\/2023\/10\/ventanas_pvc.png","width":1080,"height":1080,"caption":"instalaci\u00f3n ventanas pvc"},{"@type":"BreadcrumbList","@id":"https:\/\/factoriacanabal.com\/instalacion-de-ventanas-de-pvc-en-barcelona\/#breadcrumb","itemListElement":[{"@type":"ListItem","position":1,"name":"Inici","item":"https:\/\/factoriacanabal.com\/ca\/inici\/"},{"@type":"ListItem","position":2,"name":"Instal\u00b7laci\u00f3 de finestres de PVC al carrer Muntaner de Barcelona"}]},{"@type":"WebSite","@id":"https:\/\/factoriacanabal.com\/#website","url":"https:\/\/factoriacanabal.com\/","name":"Factoria Canabal","description":"Finstral Partner Studio","publisher":{"@id":"https:\/\/factoriacanabal.com\/#organization"},"potentialAction":[{"@type":"SearchAction","target":{"@type":"EntryPoint","urlTemplate":"https:\/\/factoriacanabal.com\/?s={search_term_string}"},"query-input":{"@type":"PropertyValueSpecification","valueRequired":true,"valueName":"search_term_string"}}],"inLanguage":"ca"},{"@type":"Organization","@id":"https:\/\/factoriacanabal.com\/#organization","name":"Factoria Canabal","url":"https:\/\/factoriacanabal.com\/","logo":{"@type":"ImageObject","inLanguage":"ca","@id":"https:\/\/factoriacanabal.com\/#\/schema\/logo\/image\/","url":"https:\/\/factoriacanabal.com\/wp-content\/uploads\/2018\/11\/logo_cabecera.jpg","contentUrl":"https:\/\/factoriacanabal.com\/wp-content\/uploads\/2018\/11\/logo_cabecera.jpg","width":340,"height":156,"caption":"Factoria Canabal"},"image":{"@id":"https:\/\/factoriacanabal.com\/#\/schema\/logo\/image\/"},"sameAs":["https:\/\/www.facebook.com\/factoriacanabal\/","https:\/\/x.com\/factoriacanabal","https:\/\/www.youtube.com\/user\/Factoriavidres"]},{"@type":"Person","@id":"https:\/\/factoriacanabal.com\/#\/schema\/person\/64f4df18db917ef052ef0579cd07bce9","name":"Marta","url":"https:\/\/factoriacanabal.com\/ca\/author\/marta\/"}]}},"_links":{"self":[{"href":"https:\/\/factoriacanabal.com\/ca\/wp-json\/wp\/v2\/posts\/32192"}],"collection":[{"href":"https:\/\/factoriacanabal.com\/ca\/wp-json\/wp\/v2\/posts"}],"about":[{"href":"https:\/\/factoriacanabal.com\/ca\/wp-json\/wp\/v2\/types\/post"}],"author":[{"embeddable":true,"href":"https:\/\/factoriacanabal.com\/ca\/wp-json\/wp\/v2\/users\/3"}],"replies":[{"embeddable":true,"href":"https:\/\/factoriacanabal.com\/ca\/wp-json\/wp\/v2\/comments?post=32192"}],"version-history":[{"count":5,"href":"https:\/\/factoriacanabal.com\/ca\/wp-json\/wp\/v2\/posts\/32192\/revisions"}],"predecessor-version":[{"id":32290,"href":"https:\/\/factoriacanabal.com\/ca\/wp-json\/wp\/v2\/posts\/32192\/revisions\/32290"}],"wp:featuredmedia":[{"embeddable":true,"href":"https:\/\/factoriacanabal.com\/ca\/wp-json\/wp\/v2\/media\/32186"}],"wp:attachment":[{"href":"https:\/\/factoriacanabal.com\/ca\/wp-json\/wp\/v2\/media?parent=32192"}],"wp:term":[{"taxonomy":"category","embeddable":true,"href":"https:\/\/factoriacanabal.com\/ca\/wp-json\/wp\/v2\/categories?post=32192"},{"taxonomy":"post_tag","embeddable":true,"href":"https:\/\/factoriacanabal.com\/ca\/wp-json\/wp\/v2\/tags?post=32192"}],"curies":[{"name":"wp","href":"https:\/\/api.w.org\/{rel}","templated":true}]}}