{"id":32424,"date":"2024-02-27T15:58:10","date_gmt":"2024-02-27T15:58:10","guid":{"rendered":"https:\/\/factoriacanabal.com\/?p=32424"},"modified":"2026-02-02T10:09:07","modified_gmt":"2026-02-02T10:09:07","slug":"finestres-bany-reformes","status":"publish","type":"post","link":"https:\/\/factoriacanabal.com\/ca\/finestres-bany-reformes\/","title":{"rendered":"Finestres per a bany"},"content":{"rendered":"<h2>PERSONALITZA LA TEVA FINESTRA PER A LA REFORMA DEL BANY.<\/h2>\n<p>Les reformes de bany consisteixen a modernitzar aquests espais fent-los m\u00e9s funcionals i bonics, i molt poques vegades es tenen en compte les <a href=\"https:\/\/factoriacanabal.com\/ca\/finestres\/\">finestres<\/a> durant el proc\u00e9s. Us expliquem per qu\u00e8 val la pena tenir-les presents.<\/p>\n<p><a href=\"https:\/\/factoriacanabal.com\/wp-content\/uploads\/2024\/02\/Finestres_lavabo_alumini.png\"><img loading=\"lazy\" decoding=\"async\" class=\"aligncenter wp-image-32432 size-medium\" title=\"finestres-lavabo-alumini-barcelona\" src=\"https:\/\/factoriacanabal.com\/wp-content\/uploads\/2024\/02\/Finestres_lavabo_alumini-300x300.png\" alt=\"finestres-lavabo-alumini\" width=\"300\" height=\"300\" \/><\/a><\/p>\n<h3>FINESTRES BONIQUES PER A BANY<\/h3>\n<p>L\u00ednies rectes per a una est\u00e8tica minimalista o acabats corbats per a un aire m\u00e9s tradicional? Colors foscos amb alumini o imitacions de fusta de PVC? Afegeixo una maneta que destacar\u00e0 amb un color cridaner, o a joc amb l\u2019aixeta? Per a mirades indiscretes, vidre mat o fulla Twin amb veneciana interior?<\/p>\n<p>T&#8217;oferim la m\u00e0xima personalitzaci\u00f3 entre materials, colors, formes i accessoris&#8230; Tot perqu\u00e8 les teves boniques finestres estiguin en harmonia amb el teu bany.<\/p>\n<p><a href=\"https:\/\/factoriacanabal.com\/wp-content\/uploads\/2024\/02\/Finestres_qualitat.png\"><img loading=\"lazy\" decoding=\"async\" class=\"aligncenter wp-image-32442 size-medium\" title=\"finestres-qualitat-finstral\" src=\"https:\/\/factoriacanabal.com\/wp-content\/uploads\/2024\/02\/Finestres_qualitat-300x300.png\" alt=\"finestres-qualitat\" width=\"300\" height=\"300\" \/><\/a><a href=\"https:\/\/factoriacanabal.com\/wp-content\/uploads\/2024\/02\/Finestres_proteccio_solar.png\"><img loading=\"lazy\" decoding=\"async\" class=\"aligncenter wp-image-32436 size-medium\" title=\"finestres-proteccio-solar-barcelona\" src=\"https:\/\/factoriacanabal.com\/wp-content\/uploads\/2024\/02\/Finestres_proteccio_solar-300x300.png\" alt=\"finestres proteccio solar\" width=\"300\" height=\"300\" \/><\/a><\/p>\n<h3>FINESTRES MODERNES I FUNCIONALS PER A BANY<\/h3>\n<p>La funcionalitat de les finestres i la seva qualitat \u00e9s especialment essencial al bany ja que \u00e9s una de les estances que m\u00e9s castiguen les finestres. L&#8217;exposici\u00f3 a l&#8217;aigua o als vapors pot fer malb\u00e9 els materials de mala qualitat o fins i tot els ferratges que no estiguin ben protegits.<\/p>\n<p>Per aix\u00f2 totes les nostres modernes finestres est\u00e1n fabricades amb materials de primera qualitat, ofereixen de forma est\u00e0ndard la posici\u00f3 de ventilaci\u00f3 &#8220;oscil\u00b7lobatent&#8221;, tenen triple junta per assegurar una cambra seca i herm\u00e8tica per al ferratge i, a m\u00e9s, podem incorporar frontisses ocultes perqu\u00e8 cap part del ferratge quedi exposada a les inclem\u00e8ncies.<\/p>\n<p>Una inversi\u00f3 d&#8217;aquest tipus garanteix una llarga durabilitat. Factoria Canabal mai et deixar\u00e0 penjat. El nostre servei eficient d&#8217;atenci\u00f3 al client ser\u00e0 igual de proper abans de la instal\u00b7laci\u00f3 com despr\u00e9s d&#8217;ella.<\/p>\n<p><a href=\"https:\/\/factoriacanabal.com\/wp-content\/uploads\/2024\/02\/Finestres_pvc_bany.png\"><img loading=\"lazy\" decoding=\"async\" class=\"aligncenter wp-image-32438 size-medium\" title=\"finestres-pvc-bany-barcelona\" src=\"https:\/\/factoriacanabal.com\/wp-content\/uploads\/2024\/02\/Finestres_pvc_bany-300x300.png\" alt=\"finestres pvc bany\" width=\"300\" height=\"300\" \/><\/a><\/p>\n<h3>FINESTRES A\u00cfLLANTS<\/h3>\n<p>Per aconseguir l&#8217;efici\u00e8ncia energ\u00e8tica en un habitatge \u00e9s necessari instal\u00b7lar finestres a\u00efllants a totes les estances d&#8217;un habitatge, tamb\u00e9 al bany.<\/p>\n<p>El benestar i l&#8217;estalvi energ\u00e8tic s\u00f3n possibles gr\u00e0cies a un a\u00efllament \u00f2ptim.<\/p>\n<p><a href=\"https:\/\/factoriacanabal.com\/wp-content\/uploads\/2024\/02\/Finestres_personalitzar_bicolor.png\"><img loading=\"lazy\" decoding=\"async\" class=\"aligncenter wp-image-32434 size-medium\" title=\"personalitzar-finestres-bicolor\" src=\"https:\/\/factoriacanabal.com\/wp-content\/uploads\/2024\/02\/Finestres_personalitzar_bicolor-300x300.png\" alt=\"finestres personalitzar bicolor\" width=\"300\" height=\"300\" \/><\/a><\/p>\n<p>&nbsp;<\/p>\n<h3>INSTAL\u00b7LACI\u00d3 DE FINESTRES DE BANY<\/h3>\n<p>Instal\u00b7laci\u00f3 de les finestres del teu bany amb un muntatge r\u00e0pid, net i professional. Els muntadors tenen molts anys d&#8217;experi\u00e8ncia i estan en constant formaci\u00f3. Utilitzem sempre els millors materials del mercat i projectem amb atenci\u00f3 l&#8217;aplicaci\u00f3 a obra. Les auditories per part de l&#8217;IFT i <a href=\"https:\/\/planer.finstral.com\/es\">Finstral<\/a> ens certifiquen el muntatge professional any rere any.<\/p>\n<p><a href=\"https:\/\/factoriacanabal.com\/wp-content\/uploads\/2024\/02\/Finestres_pvc_lavabo.png\"><img loading=\"lazy\" decoding=\"async\" class=\"aligncenter wp-image-32440 size-medium\" title=\"finestres-pvc-lavabo-finstral\" src=\"https:\/\/factoriacanabal.com\/wp-content\/uploads\/2024\/02\/Finestres_pvc_lavabo-300x300.png\" alt=\"finestres pvc lavabo\" width=\"300\" height=\"300\" \/><\/a><\/p>\n<p>&nbsp;<\/p>\n<h3>REFORMES DE BANY A BARCELONA<\/h3>\n<p>No dubtis a <a href=\"https:\/\/factoriacanabal.com\/ca\/contacte\/\">contactar amb nosaltres<\/a> per renovar les finestres del teu bany. Treballem per a particulars i col\u00b7laborem amb professionals del sector com arquitectes, reformistes i interioristes per aconseguir que el teu bany sigui com sempre havies imaginat.<\/p>\n<p>La reforma del teu bany a Barcelona amb Factoria Canabal.<\/p>\n<p><a href=\"https:\/\/factoriacanabal.com\/wp-content\/uploads\/2024\/02\/Disseny_bany.png\"><img loading=\"lazy\" decoding=\"async\" class=\"aligncenter wp-image-32426 size-medium\" title=\"disseny-bany-reforma-finestres\" src=\"https:\/\/factoriacanabal.com\/wp-content\/uploads\/2024\/02\/Disseny_bany-300x300.png\" alt=\"disseny bany finestres\" width=\"300\" height=\"300\" \/><\/a><\/p>\n<p><strong>\u00a0<\/strong><\/p>\n","protected":false},"excerpt":{"rendered":"<p>PERSONALITZA LA TEVA FINESTRA PER A LA REFORMA DEL BANY. Les reformes de bany consisteixen a modernitzar aquests espais fent-los m\u00e9s funcionals i bonics, i molt poques vegades es tenen en compte les finestres durant el proc\u00e9s. Us expliquem per qu\u00e8 val la pena tenir-les presents. FINESTRES BONIQUES PER A BANY L\u00ednies rectes per a [&hellip;]<\/p>\n","protected":false},"author":3,"featured_media":32428,"comment_status":"closed","ping_status":"closed","sticky":false,"template":"","format":"standard","meta":{"_et_pb_use_builder":"","_et_pb_old_content":"","_et_gb_content_width":"","_monsterinsights_skip_tracking":false,"_monsterinsights_sitenote_active":false,"_monsterinsights_sitenote_note":"","_monsterinsights_sitenote_category":0,"footnotes":""},"categories":[547],"tags":[545,599,180,243,131,497,542,600,601,431,548,353,604,374,603,602,605],"class_list":["post-32424","post","type-post","status-publish","format-standard","has-post-thumbnail","hentry","category-informacio-finestres","tag-alumini","tag-bany","tag-barcelona","tag-finestres","tag-finestres-aillants","tag-finestres-aillants-a-barcelona","tag-finestres-alumini","tag-finestres-bany","tag-finestres-barcelona","tag-finestres-finstral","tag-finestres-pvc","tag-finstral-ca","tag-instalacio-finestres","tag-pvc-ca","tag-reformes-bany","tag-reformes-barcelona","tag-renovacio-finestres"],"yoast_head":"<!-- This site is optimized with the Yoast SEO plugin v24.2 - https:\/\/yoast.com\/wordpress\/plugins\/seo\/ -->\n<title>Finestres per a bany - Personalitza les finestres a la reforma<\/title>\n<meta name=\"description\" content=\"Descobreix com la correcta instal\u00b7laci\u00f3 de finestres a mida pot transformar el teu bany: millora la ventilaci\u00f3, la privacitat i l&#039;efici\u00e8ncia energ\u00e8tica.\" \/>\n<meta name=\"robots\" content=\"index, follow, max-snippet:-1, max-image-preview:large, max-video-preview:-1\" \/>\n<link rel=\"canonical\" href=\"https:\/\/factoriacanabal.com\/ca\/finestres-bany-reformes\/\" \/>\n<meta property=\"og:locale\" content=\"ca_ES\" \/>\n<meta property=\"og:type\" content=\"article\" \/>\n<meta property=\"og:title\" content=\"Finestres per a bany - Personalitza les finestres a la reforma\" \/>\n<meta property=\"og:description\" content=\"Descobreix com la correcta instal\u00b7laci\u00f3 de finestres a mida pot transformar el teu bany: millora la ventilaci\u00f3, la privacitat i l&#039;efici\u00e8ncia energ\u00e8tica.\" \/>\n<meta property=\"og:url\" content=\"https:\/\/factoriacanabal.com\/ca\/finestres-bany-reformes\/\" \/>\n<meta property=\"og:site_name\" content=\"Factoria Canabal\" \/>\n<meta property=\"article:publisher\" content=\"https:\/\/www.facebook.com\/factoriacanabal\/\" \/>\n<meta property=\"article:published_time\" content=\"2024-02-27T15:58:10+00:00\" \/>\n<meta property=\"article:modified_time\" content=\"2026-02-02T10:09:07+00:00\" \/>\n<meta property=\"og:image\" content=\"https:\/\/factoriacanabal.com\/wp-content\/uploads\/2024\/02\/Finestres_alumini_bany.png\" \/>\n\t<meta property=\"og:image:width\" content=\"1080\" \/>\n\t<meta property=\"og:image:height\" content=\"1080\" \/>\n\t<meta property=\"og:image:type\" content=\"image\/png\" \/>\n<meta name=\"author\" content=\"Marta\" \/>\n<meta name=\"twitter:card\" content=\"summary_large_image\" \/>\n<meta name=\"twitter:creator\" content=\"@factoriacanabal\" \/>\n<meta name=\"twitter:site\" content=\"@factoriacanabal\" \/>\n<meta name=\"twitter:label1\" content=\"Escrit per\" \/>\n\t<meta name=\"twitter:data1\" content=\"Marta\" \/>\n\t<meta name=\"twitter:label2\" content=\"Temps estimat de lectura\" \/>\n\t<meta name=\"twitter:data2\" content=\"2 minuts\" \/>\n<script type=\"application\/ld+json\" class=\"yoast-schema-graph\">{\"@context\":\"https:\/\/schema.org\",\"@graph\":[{\"@type\":\"Article\",\"@id\":\"https:\/\/factoriacanabal.com\/ca\/finestres-bany-reformes\/#article\",\"isPartOf\":{\"@id\":\"https:\/\/factoriacanabal.com\/ca\/finestres-bany-reformes\/\"},\"author\":{\"name\":\"Marta\",\"@id\":\"https:\/\/factoriacanabal.com\/#\/schema\/person\/64f4df18db917ef052ef0579cd07bce9\"},\"headline\":\"Finestres per a bany\",\"datePublished\":\"2024-02-27T15:58:10+00:00\",\"dateModified\":\"2026-02-02T10:09:07+00:00\",\"mainEntityOfPage\":{\"@id\":\"https:\/\/factoriacanabal.com\/ca\/finestres-bany-reformes\/\"},\"wordCount\":466,\"publisher\":{\"@id\":\"https:\/\/factoriacanabal.com\/#organization\"},\"image\":{\"@id\":\"https:\/\/factoriacanabal.com\/ca\/finestres-bany-reformes\/#primaryimage\"},\"thumbnailUrl\":\"https:\/\/factoriacanabal.com\/wp-content\/uploads\/2024\/02\/Finestres_alumini_bany.png\",\"keywords\":[\"alumini\",\"bany\",\"barcelona\",\"finestres\",\"finestres a\u00efllants\",\"finestres a\u00efllants a barcelona\",\"finestres alumini\",\"finestres bany\",\"finestres barcelona\",\"finestres Finstral\",\"finestres pvc\",\"finstral\",\"instalaci\u00f3 finestres\",\"pvc\",\"reformes bany\",\"reformes barcelona\",\"renovacio finestres\"],\"articleSection\":[\"Informaci\u00f3 finestres\"],\"inLanguage\":\"ca\"},{\"@type\":\"WebPage\",\"@id\":\"https:\/\/factoriacanabal.com\/ca\/finestres-bany-reformes\/\",\"url\":\"https:\/\/factoriacanabal.com\/ca\/finestres-bany-reformes\/\",\"name\":\"Finestres per a bany - Personalitza les finestres a la reforma\",\"isPartOf\":{\"@id\":\"https:\/\/factoriacanabal.com\/#website\"},\"primaryImageOfPage\":{\"@id\":\"https:\/\/factoriacanabal.com\/ca\/finestres-bany-reformes\/#primaryimage\"},\"image\":{\"@id\":\"https:\/\/factoriacanabal.com\/ca\/finestres-bany-reformes\/#primaryimage\"},\"thumbnailUrl\":\"https:\/\/factoriacanabal.com\/wp-content\/uploads\/2024\/02\/Finestres_alumini_bany.png\",\"datePublished\":\"2024-02-27T15:58:10+00:00\",\"dateModified\":\"2026-02-02T10:09:07+00:00\",\"description\":\"Descobreix com la correcta instal\u00b7laci\u00f3 de finestres a mida pot transformar el teu bany: millora la ventilaci\u00f3, la privacitat i l'efici\u00e8ncia energ\u00e8tica.\",\"breadcrumb\":{\"@id\":\"https:\/\/factoriacanabal.com\/ca\/finestres-bany-reformes\/#breadcrumb\"},\"inLanguage\":\"ca\",\"potentialAction\":[{\"@type\":\"ReadAction\",\"target\":[\"https:\/\/factoriacanabal.com\/ca\/finestres-bany-reformes\/\"]}]},{\"@type\":\"ImageObject\",\"inLanguage\":\"ca\",\"@id\":\"https:\/\/factoriacanabal.com\/ca\/finestres-bany-reformes\/#primaryimage\",\"url\":\"https:\/\/factoriacanabal.com\/wp-content\/uploads\/2024\/02\/Finestres_alumini_bany.png\",\"contentUrl\":\"https:\/\/factoriacanabal.com\/wp-content\/uploads\/2024\/02\/Finestres_alumini_bany.png\",\"width\":1080,\"height\":1080,\"caption\":\"finestres-alumini-bany\"},{\"@type\":\"BreadcrumbList\",\"@id\":\"https:\/\/factoriacanabal.com\/ca\/finestres-bany-reformes\/#breadcrumb\",\"itemListElement\":[{\"@type\":\"ListItem\",\"position\":1,\"name\":\"Inici\",\"item\":\"https:\/\/factoriacanabal.com\/ca\/inici\/\"},{\"@type\":\"ListItem\",\"position\":2,\"name\":\"Finestres per a bany\"}]},{\"@type\":\"WebSite\",\"@id\":\"https:\/\/factoriacanabal.com\/#website\",\"url\":\"https:\/\/factoriacanabal.com\/\",\"name\":\"Factoria Canabal\",\"description\":\"Finstral Partner Studio\",\"publisher\":{\"@id\":\"https:\/\/factoriacanabal.com\/#organization\"},\"potentialAction\":[{\"@type\":\"SearchAction\",\"target\":{\"@type\":\"EntryPoint\",\"urlTemplate\":\"https:\/\/factoriacanabal.com\/?s={search_term_string}\"},\"query-input\":{\"@type\":\"PropertyValueSpecification\",\"valueRequired\":true,\"valueName\":\"search_term_string\"}}],\"inLanguage\":\"ca\"},{\"@type\":\"Organization\",\"@id\":\"https:\/\/factoriacanabal.com\/#organization\",\"name\":\"Factoria Canabal\",\"url\":\"https:\/\/factoriacanabal.com\/\",\"logo\":{\"@type\":\"ImageObject\",\"inLanguage\":\"ca\",\"@id\":\"https:\/\/factoriacanabal.com\/#\/schema\/logo\/image\/\",\"url\":\"https:\/\/factoriacanabal.com\/wp-content\/uploads\/2018\/11\/logo_cabecera.jpg\",\"contentUrl\":\"https:\/\/factoriacanabal.com\/wp-content\/uploads\/2018\/11\/logo_cabecera.jpg\",\"width\":340,\"height\":156,\"caption\":\"Factoria Canabal\"},\"image\":{\"@id\":\"https:\/\/factoriacanabal.com\/#\/schema\/logo\/image\/\"},\"sameAs\":[\"https:\/\/www.facebook.com\/factoriacanabal\/\",\"https:\/\/x.com\/factoriacanabal\",\"https:\/\/www.youtube.com\/user\/Factoriavidres\"]},{\"@type\":\"Person\",\"@id\":\"https:\/\/factoriacanabal.com\/#\/schema\/person\/64f4df18db917ef052ef0579cd07bce9\",\"name\":\"Marta\",\"url\":\"https:\/\/factoriacanabal.com\/ca\/author\/marta\/\"}]}<\/script>\n<!-- \/ Yoast SEO plugin. -->","yoast_head_json":{"title":"Finestres per a bany - Personalitza les finestres a la reforma","description":"Descobreix com la correcta instal\u00b7laci\u00f3 de finestres a mida pot transformar el teu bany: millora la ventilaci\u00f3, la privacitat i l'efici\u00e8ncia energ\u00e8tica.","robots":{"index":"index","follow":"follow","max-snippet":"max-snippet:-1","max-image-preview":"max-image-preview:large","max-video-preview":"max-video-preview:-1"},"canonical":"https:\/\/factoriacanabal.com\/ca\/finestres-bany-reformes\/","og_locale":"ca_ES","og_type":"article","og_title":"Finestres per a bany - Personalitza les finestres a la reforma","og_description":"Descobreix com la correcta instal\u00b7laci\u00f3 de finestres a mida pot transformar el teu bany: millora la ventilaci\u00f3, la privacitat i l'efici\u00e8ncia energ\u00e8tica.","og_url":"https:\/\/factoriacanabal.com\/ca\/finestres-bany-reformes\/","og_site_name":"Factoria Canabal","article_publisher":"https:\/\/www.facebook.com\/factoriacanabal\/","article_published_time":"2024-02-27T15:58:10+00:00","article_modified_time":"2026-02-02T10:09:07+00:00","og_image":[{"width":1080,"height":1080,"url":"https:\/\/factoriacanabal.com\/wp-content\/uploads\/2024\/02\/Finestres_alumini_bany.png","type":"image\/png"}],"author":"Marta","twitter_card":"summary_large_image","twitter_creator":"@factoriacanabal","twitter_site":"@factoriacanabal","twitter_misc":{"Escrit per":"Marta","Temps estimat de lectura":"2 minuts"},"schema":{"@context":"https:\/\/schema.org","@graph":[{"@type":"Article","@id":"https:\/\/factoriacanabal.com\/ca\/finestres-bany-reformes\/#article","isPartOf":{"@id":"https:\/\/factoriacanabal.com\/ca\/finestres-bany-reformes\/"},"author":{"name":"Marta","@id":"https:\/\/factoriacanabal.com\/#\/schema\/person\/64f4df18db917ef052ef0579cd07bce9"},"headline":"Finestres per a bany","datePublished":"2024-02-27T15:58:10+00:00","dateModified":"2026-02-02T10:09:07+00:00","mainEntityOfPage":{"@id":"https:\/\/factoriacanabal.com\/ca\/finestres-bany-reformes\/"},"wordCount":466,"publisher":{"@id":"https:\/\/factoriacanabal.com\/#organization"},"image":{"@id":"https:\/\/factoriacanabal.com\/ca\/finestres-bany-reformes\/#primaryimage"},"thumbnailUrl":"https:\/\/factoriacanabal.com\/wp-content\/uploads\/2024\/02\/Finestres_alumini_bany.png","keywords":["alumini","bany","barcelona","finestres","finestres a\u00efllants","finestres a\u00efllants a barcelona","finestres alumini","finestres bany","finestres barcelona","finestres Finstral","finestres pvc","finstral","instalaci\u00f3 finestres","pvc","reformes bany","reformes barcelona","renovacio finestres"],"articleSection":["Informaci\u00f3 finestres"],"inLanguage":"ca"},{"@type":"WebPage","@id":"https:\/\/factoriacanabal.com\/ca\/finestres-bany-reformes\/","url":"https:\/\/factoriacanabal.com\/ca\/finestres-bany-reformes\/","name":"Finestres per a bany - Personalitza les finestres a la reforma","isPartOf":{"@id":"https:\/\/factoriacanabal.com\/#website"},"primaryImageOfPage":{"@id":"https:\/\/factoriacanabal.com\/ca\/finestres-bany-reformes\/#primaryimage"},"image":{"@id":"https:\/\/factoriacanabal.com\/ca\/finestres-bany-reformes\/#primaryimage"},"thumbnailUrl":"https:\/\/factoriacanabal.com\/wp-content\/uploads\/2024\/02\/Finestres_alumini_bany.png","datePublished":"2024-02-27T15:58:10+00:00","dateModified":"2026-02-02T10:09:07+00:00","description":"Descobreix com la correcta instal\u00b7laci\u00f3 de finestres a mida pot transformar el teu bany: millora la ventilaci\u00f3, la privacitat i l'efici\u00e8ncia energ\u00e8tica.","breadcrumb":{"@id":"https:\/\/factoriacanabal.com\/ca\/finestres-bany-reformes\/#breadcrumb"},"inLanguage":"ca","potentialAction":[{"@type":"ReadAction","target":["https:\/\/factoriacanabal.com\/ca\/finestres-bany-reformes\/"]}]},{"@type":"ImageObject","inLanguage":"ca","@id":"https:\/\/factoriacanabal.com\/ca\/finestres-bany-reformes\/#primaryimage","url":"https:\/\/factoriacanabal.com\/wp-content\/uploads\/2024\/02\/Finestres_alumini_bany.png","contentUrl":"https:\/\/factoriacanabal.com\/wp-content\/uploads\/2024\/02\/Finestres_alumini_bany.png","width":1080,"height":1080,"caption":"finestres-alumini-bany"},{"@type":"BreadcrumbList","@id":"https:\/\/factoriacanabal.com\/ca\/finestres-bany-reformes\/#breadcrumb","itemListElement":[{"@type":"ListItem","position":1,"name":"Inici","item":"https:\/\/factoriacanabal.com\/ca\/inici\/"},{"@type":"ListItem","position":2,"name":"Finestres per a bany"}]},{"@type":"WebSite","@id":"https:\/\/factoriacanabal.com\/#website","url":"https:\/\/factoriacanabal.com\/","name":"Factoria Canabal","description":"Finstral Partner Studio","publisher":{"@id":"https:\/\/factoriacanabal.com\/#organization"},"potentialAction":[{"@type":"SearchAction","target":{"@type":"EntryPoint","urlTemplate":"https:\/\/factoriacanabal.com\/?s={search_term_string}"},"query-input":{"@type":"PropertyValueSpecification","valueRequired":true,"valueName":"search_term_string"}}],"inLanguage":"ca"},{"@type":"Organization","@id":"https:\/\/factoriacanabal.com\/#organization","name":"Factoria Canabal","url":"https:\/\/factoriacanabal.com\/","logo":{"@type":"ImageObject","inLanguage":"ca","@id":"https:\/\/factoriacanabal.com\/#\/schema\/logo\/image\/","url":"https:\/\/factoriacanabal.com\/wp-content\/uploads\/2018\/11\/logo_cabecera.jpg","contentUrl":"https:\/\/factoriacanabal.com\/wp-content\/uploads\/2018\/11\/logo_cabecera.jpg","width":340,"height":156,"caption":"Factoria Canabal"},"image":{"@id":"https:\/\/factoriacanabal.com\/#\/schema\/logo\/image\/"},"sameAs":["https:\/\/www.facebook.com\/factoriacanabal\/","https:\/\/x.com\/factoriacanabal","https:\/\/www.youtube.com\/user\/Factoriavidres"]},{"@type":"Person","@id":"https:\/\/factoriacanabal.com\/#\/schema\/person\/64f4df18db917ef052ef0579cd07bce9","name":"Marta","url":"https:\/\/factoriacanabal.com\/ca\/author\/marta\/"}]}},"_links":{"self":[{"href":"https:\/\/factoriacanabal.com\/ca\/wp-json\/wp\/v2\/posts\/32424"}],"collection":[{"href":"https:\/\/factoriacanabal.com\/ca\/wp-json\/wp\/v2\/posts"}],"about":[{"href":"https:\/\/factoriacanabal.com\/ca\/wp-json\/wp\/v2\/types\/post"}],"author":[{"embeddable":true,"href":"https:\/\/factoriacanabal.com\/ca\/wp-json\/wp\/v2\/users\/3"}],"replies":[{"embeddable":true,"href":"https:\/\/factoriacanabal.com\/ca\/wp-json\/wp\/v2\/comments?post=32424"}],"version-history":[{"count":3,"href":"https:\/\/factoriacanabal.com\/ca\/wp-json\/wp\/v2\/posts\/32424\/revisions"}],"predecessor-version":[{"id":33695,"href":"https:\/\/factoriacanabal.com\/ca\/wp-json\/wp\/v2\/posts\/32424\/revisions\/33695"}],"wp:featuredmedia":[{"embeddable":true,"href":"https:\/\/factoriacanabal.com\/ca\/wp-json\/wp\/v2\/media\/32428"}],"wp:attachment":[{"href":"https:\/\/factoriacanabal.com\/ca\/wp-json\/wp\/v2\/media?parent=32424"}],"wp:term":[{"taxonomy":"category","embeddable":true,"href":"https:\/\/factoriacanabal.com\/ca\/wp-json\/wp\/v2\/categories?post=32424"},{"taxonomy":"post_tag","embeddable":true,"href":"https:\/\/factoriacanabal.com\/ca\/wp-json\/wp\/v2\/tags?post=32424"}],"curies":[{"name":"wp","href":"https:\/\/api.w.org\/{rel}","templated":true}]}}