{"id":33336,"date":"2024-06-11T17:30:06","date_gmt":"2024-06-11T17:30:06","guid":{"rendered":"https:\/\/factoriacanabal.com\/?p=33336"},"modified":"2025-08-28T11:41:27","modified_gmt":"2025-08-28T11:41:27","slug":"finestres-i-portes-corredisses-aillants","status":"publish","type":"post","link":"https:\/\/factoriacanabal.com\/ca\/finestres-i-portes-corredisses-aillants\/","title":{"rendered":"Finestres i portes corredisses a\u00efllants"},"content":{"rendered":"<h2><strong>FINESTRES I PORTES CORREDISSES A\u00cfLLANTS I DE QUALITAT<\/strong><\/h2>\n<p>En el disseny arquitect\u00f2nic modern, les <a href=\"https:\/\/factoriacanabal.com\/ca\/portes-corredisses\/\">finestres i portes corredisses<\/a> es destaquen com una opci\u00f3 elegant i funcional que maximitza l&#8217;\u00fas de l&#8217;espai i millora l&#8217;est\u00e8tica, per\u00f2 poden comprometre l&#8217;a\u00efllament i l&#8217;hermeticitat.<\/p>\n<p>Si est\u00e0s considerant <a href=\"https:\/\/factoriacanabal.com\/ca\/\">renovar o instal\u00b7lar noves finestres i portes a casa teva<\/a>, \u00e9s crucial entendre les caracter\u00edstiques i prestacions d&#8217;aquestes estructures, aix\u00ed com les diferents tipologies i les difer\u00e8ncies entre els materials disponibles, especialment el PVC i l&#8217;alumini.<\/p>\n<p>Aquest article t&#8217;ajudar\u00e0 a prendre una decisi\u00f3 informada per a casa teva, amb un enfocament en l&#8217;estalvi energ\u00e8tic i el confort.<\/p>\n<p>&nbsp;<\/p>\n<h2><strong>Correderes de PVC vs correderes d&#8217;alumini: Quina \u00e9s la millor opci\u00f3?<\/strong><\/h2>\n<p>Abans de triar entre correderes de <a href=\"https:\/\/factoriacanabal.com\/ca\/finestres-portes-pvc-alumini-avantatges-desavantatges\/\">PVC i alumini<\/a>, conv\u00e9 ressaltar que, pel que fa a l&#8217;a\u00efllament, les finestres i portes corredisses de PVC sempre ofereixen millors prestacions que les correderes d&#8217;alumini. La ruptura de pont t\u00e8rmic que trobem a l&#8217;alumini no deixa de ser una pe\u00e7a de pl\u00e0stic que separa l&#8217;interior de l&#8217;exterior. \u00c9s per aix\u00f2 que no pot equiparar-se a un sistema de multicambres de PVC.<\/p>\n<p>D&#8217;altra banda, \u00e9s cert que els perfils i l&#8217;est\u00e8tica que ens ofereix l&#8217;alumini, generalment s\u00f3n m\u00e9s atractius que els del PVC. A m\u00e9s, l&#8217;alumini permet escollir entre un ampli ventall de colors sense comprometre la durabilitat de la finestra.<\/p>\n<p>Tanmateix, el tancament de les finestres i portes corredisses convencionals, ja siguin de PVC o d&#8217;alumini, suposen un punt feble per a l&#8217;hermeticitat de les llars, provocant una p\u00e8rdua d&#8217;efici\u00e8ncia energ\u00e8tica important.<\/p>\n<p>&nbsp;<\/p>\n<h2><strong>Tipus de Correderes<\/strong><\/h2>\n<p>A m\u00e9s dels materials, tamb\u00e9 \u00e9s important considerar els diferents tipus de mecanismes d&#8217;obertura que existeixen a les finestres i portes corredisses:<\/p>\n<h3>Correderes Convencionals:<\/h3>\n<p>Les correderes convencionals es desplacen horitzontalment sobre un rail, oferint una obertura senzilla i ocupant poc espai. El tancament \u00e9s un mecanisme de tipus ganxo, potser dos. A m\u00e9s, poden incorporar gomes i components per aconseguir un tancament de garanties, per\u00f2 generalment no exerceixen prou pressi\u00f3, especialment al muntant central.<\/p>\n<h3>Oscil\u00b7loparal\u00b7leles:<\/h3>\n<p>Les correderes oscil\u00b7loparal\u00b7leles combinen els avantatges de les finestres corredisses amb la possibilitat d&#8217;obertura oscil\u00b7lant. Aix\u00f2 permet obrir la finestra parcialment en un angle, proporcionant ventilaci\u00f3 sense comprometre la seguretat. Per qu\u00e8? Doncs el motiu d&#8217;aquest moviment \u00e9s que, mitjan\u00e7ant un carro, la fulla es despla\u00e7a paral\u00b7lelament sobre la part fixa del costat. I \u00e9s per aix\u00f2 que, en tenir una fulla independent, la ferradura pot ser igual a la d&#8217;una finestra practicable i, per tant, \u00e9s molt m\u00e9s herm\u00e8tica que la resta de correderes. S\u00f3n perfectes per a aquells que busquen flexibilitat en la ventilaci\u00f3, seguretat addicional i, sobretot, a\u00efllament i hermeticitat.<\/p>\n<div id=\"attachment_32800\" style=\"width: 310px\" class=\"wp-caption aligncenter\"><a href=\"https:\/\/factoriacanabal.com\/wp-content\/uploads\/2024\/03\/Corredera-paralela-de-pvc-en-Sant-Cugat-del-Valle\u0300s.webp\"><img loading=\"lazy\" decoding=\"async\" aria-describedby=\"caption-attachment-32800\" class=\"wp-image-32800 size-medium\" title=\"corredera pvc\" src=\"https:\/\/factoriacanabal.com\/wp-content\/uploads\/2024\/03\/Corredera-paralela-de-pvc-en-Sant-Cugat-del-Valle\u0300s-300x300.webp\" alt=\"corredera osciloparalela\" width=\"300\" height=\"300\" srcset=\"https:\/\/factoriacanabal.com\/wp-content\/uploads\/2024\/03\/Corredera-paralela-de-pvc-en-Sant-Cugat-del-Valle\u0300s-300x300.webp 300w, https:\/\/factoriacanabal.com\/wp-content\/uploads\/2024\/03\/Corredera-paralela-de-pvc-en-Sant-Cugat-del-Valle\u0300s-80x80.webp 80w, https:\/\/factoriacanabal.com\/wp-content\/uploads\/2024\/03\/Corredera-paralela-de-pvc-en-Sant-Cugat-del-Valle\u0300s-768x768.webp 768w, https:\/\/factoriacanabal.com\/wp-content\/uploads\/2024\/03\/Corredera-paralela-de-pvc-en-Sant-Cugat-del-Valle\u0300s-980x980.webp 980w, https:\/\/factoriacanabal.com\/wp-content\/uploads\/2024\/03\/Corredera-paralela-de-pvc-en-Sant-Cugat-del-Valle\u0300s-480x480.webp 480w, https:\/\/factoriacanabal.com\/wp-content\/uploads\/2024\/03\/Corredera-paralela-de-pvc-en-Sant-Cugat-del-Valle\u0300s.webp 1000w\" sizes=\"(max-width: 300px) 100vw, 300px\" \/><\/a><p id=\"caption-attachment-32800\" class=\"wp-caption-text\">Porta corredissa osciloparal\u00b7lela de <a href=\"https:\/\/www.finstral.com\/es\/referencias\/vivienda-unifamiliar-en-barcelona\/311-4405.html\">Finstral<\/a> a Sant Cugat del Vall\u00e8s<\/p><\/div>\n<h3>Elevadores:<\/h3>\n<p>Pel que fa a les finestres i portes elevables, s&#8217;aixequen lleugerament abans de despla\u00e7ar-se, reduint la fricci\u00f3 i permetent un moviment m\u00e9s suau i f\u00e0cil, fins i tot amb grans i pesats panells de vidre. S\u00f3n ideals per a grans obertures on es requereix un maneig f\u00e0cil i sense esfor\u00e7.<\/p>\n<p>Aquest producte d&#8217;alta qualitat permet incorporar sistemes de tancament amb dobles gomes que, sense renunciar a la practicitat i a un pas pla, garanteixen un tancament m\u00ednimament herm\u00e8tic. Per solucionar el problema del travesser central, una meitat de la porta o finestra \u00e9s fixe.<\/p>\n<div id=\"attachment_32788\" style=\"width: 310px\" class=\"wp-caption aligncenter\"><a href=\"https:\/\/factoriacanabal.com\/wp-content\/uploads\/2024\/03\/Corredera-elevadora-Finstral-de-pvc-en-Barcelona.webp\"><img loading=\"lazy\" decoding=\"async\" aria-describedby=\"caption-attachment-32788\" class=\"wp-image-32788 size-medium\" title=\"corredera pvc calidad\" src=\"https:\/\/factoriacanabal.com\/wp-content\/uploads\/2024\/03\/Corredera-elevadora-Finstral-de-pvc-en-Barcelona-300x300.webp\" alt=\"corredera elevadora pvc\" width=\"300\" height=\"300\" \/><\/a><p id=\"caption-attachment-32788\" class=\"wp-caption-text\">Porta corredissa de pvc Finstral a Barcelona<\/p><\/div>\n<p>&nbsp;<\/p>\n<p>&nbsp;<\/p>\n<h2><strong>Portes corredisses a\u00efllants<\/strong><\/h2>\n<p>Resumint, per molt que utilitzem un vidre d&#8217;altes prestacions en una corredera, no suposar\u00e0 una gran difer\u00e8ncia. B\u00e0sicament, els mecanismes de tancament i l&#8217;hermeticitat de les corredisses convencionals no ens permeten arribar als valors que ens ofereixen les elevadores, i molt menys les oscil\u00b7loparal\u00b7leles.<\/p>\n<p>A Factoria Canabal treballem amb productes de qualitat que sempre compleixen en la seva tasca d&#8217;estalvi energ\u00e8tic. Si donem rellev\u00e0ncia l&#8217;est\u00e8tica i la funcionalitat, oferim portes corredisses convencionals de qualitat. Si optem per l&#8217;a\u00efllament i l&#8217;hermeticitat, proposem dues tipologies de portes i finestres Finstral: les oscil\u00b7loparal\u00b7leles i les elevadores. El <a href=\"https:\/\/factoriacanabal.com\/ca\/muntatge-certificat-ift-finestres-finstral\/\">muntatge professional i certificat<\/a>, a m\u00e9s de muntadors propis amb una traject\u00f2ria de 20 anys a l&#8217;empresa, garanteixen un funcionament i a\u00efllament \u00f2ptim, aix\u00ed com una llarga durabilitat. <a href=\"https:\/\/factoriacanabal.com\/ca\/contacte\/\">Contacta amb nosaltres<\/a> i demana el teu pressupost sense cap comprom\u00eds.<\/p>\n<p>&nbsp;<\/p>\n<p>&nbsp;<\/p>\n<p style=\"text-align: center;\"><iframe loading=\"lazy\" title=\"Ventana corredera aislante de pvc - Factoria Canabal Finstral Barcelona\" src=\"https:\/\/youtube.com\/embed\/2dGsyoj3Kts\" width=\"874\" height=\"492\" frameborder=\"0\" allowfullscreen=\"allowfullscreen\"><span data-mce-type=\"bookmark\" style=\"display: inline-block; width: 0px; overflow: hidden; line-height: 0;\" class=\"mce_SELRES_start\">\ufeff<\/span><span data-mce-type=\"bookmark\" style=\"display: inline-block; width: 0px; overflow: hidden; line-height: 0;\" class=\"mce_SELRES_start\">\ufeff<\/span><\/iframe><\/p>\n","protected":false},"excerpt":{"rendered":"<p>FINESTRES I PORTES CORREDISSES A\u00cfLLANTS I DE QUALITAT En el disseny arquitect\u00f2nic modern, les finestres i portes corredisses es destaquen com una opci\u00f3 elegant i funcional que maximitza l&#8217;\u00fas de l&#8217;espai i millora l&#8217;est\u00e8tica, per\u00f2 poden comprometre l&#8217;a\u00efllament i l&#8217;hermeticitat. Si est\u00e0s considerant renovar o instal\u00b7lar noves finestres i portes a casa teva, \u00e9s crucial [&hellip;]<\/p>\n","protected":false},"author":3,"featured_media":33327,"comment_status":"closed","ping_status":"closed","sticky":false,"template":"","format":"standard","meta":{"_et_pb_use_builder":"","_et_pb_old_content":"","_et_gb_content_width":"","_monsterinsights_skip_tracking":false,"_monsterinsights_sitenote_active":false,"_monsterinsights_sitenote_note":"","_monsterinsights_sitenote_category":0,"footnotes":""},"categories":[547],"tags":[347,545,651,653,645,647,648,363,243,497,542,601,644,548,353,652,345,409,650,646,649,374],"class_list":["post-33336","post","type-post","status-publish","format-standard","has-post-thumbnail","hentry","category-informacio-finestres","tag-aillament","tag-alumini","tag-arquitectes","tag-carpinteries","tag-correderes","tag-correderes-aillants","tag-eficiencia-enrgetica","tag-finestra","tag-finestres","tag-finestres-aillants-a-barcelona","tag-finestres-alumini","tag-finestres-barcelona","tag-finestres-corredisses","tag-finestres-pvc","tag-finstral-ca","tag-interiorisme","tag-porta","tag-portes","tag-portes-aillants","tag-portes-correderes","tag-portes-pvc","tag-pvc-ca"],"yoast_head":"<!-- This site is optimized with the Yoast SEO plugin v24.2 - https:\/\/yoast.com\/wordpress\/plugins\/seo\/ -->\n<title>Finestres i portes corredisses a\u00efllants: consells clau<\/title>\n<meta name=\"description\" content=\"Descobreix les opcions m\u00e9s eficients en finestres i portes corredisses a\u00efllants: PVC, alumini, oscil\u00b7loparal\u00b7les i elevadores per a un m\u00e0xim confort.\" \/>\n<meta name=\"robots\" content=\"index, follow, max-snippet:-1, max-image-preview:large, max-video-preview:-1\" \/>\n<link rel=\"canonical\" href=\"https:\/\/factoriacanabal.com\/ca\/finestres-i-portes-corredisses-aillants\/\" \/>\n<meta property=\"og:locale\" content=\"ca_ES\" \/>\n<meta property=\"og:type\" content=\"article\" \/>\n<meta property=\"og:title\" content=\"Finestres i portes corredisses a\u00efllants: consells clau\" \/>\n<meta property=\"og:description\" content=\"Descobreix les opcions m\u00e9s eficients en finestres i portes corredisses a\u00efllants: PVC, alumini, oscil\u00b7loparal\u00b7les i elevadores per a un m\u00e0xim confort.\" \/>\n<meta property=\"og:url\" content=\"https:\/\/factoriacanabal.com\/ca\/finestres-i-portes-corredisses-aillants\/\" \/>\n<meta property=\"og:site_name\" content=\"Factoria Canabal\" \/>\n<meta property=\"article:publisher\" content=\"https:\/\/www.facebook.com\/factoriacanabal\/\" \/>\n<meta property=\"article:published_time\" content=\"2024-06-11T17:30:06+00:00\" \/>\n<meta property=\"article:modified_time\" content=\"2025-08-28T11:41:27+00:00\" \/>\n<meta property=\"og:image\" content=\"https:\/\/factoriacanabal.com\/wp-content\/uploads\/2024\/06\/192_banyoles.jpg\" \/>\n\t<meta property=\"og:image:width\" content=\"2500\" \/>\n\t<meta property=\"og:image:height\" content=\"1667\" \/>\n\t<meta property=\"og:image:type\" content=\"image\/jpeg\" \/>\n<meta name=\"author\" content=\"Marta\" \/>\n<meta name=\"twitter:card\" content=\"summary_large_image\" \/>\n<meta name=\"twitter:creator\" content=\"@factoriacanabal\" \/>\n<meta name=\"twitter:site\" content=\"@factoriacanabal\" \/>\n<meta name=\"twitter:label1\" content=\"Escrit per\" \/>\n\t<meta name=\"twitter:data1\" content=\"Marta\" \/>\n\t<meta name=\"twitter:label2\" content=\"Temps estimat de lectura\" \/>\n\t<meta name=\"twitter:data2\" content=\"4 minuts\" \/>\n<script type=\"application\/ld+json\" class=\"yoast-schema-graph\">{\"@context\":\"https:\/\/schema.org\",\"@graph\":[{\"@type\":\"Article\",\"@id\":\"https:\/\/factoriacanabal.com\/ca\/finestres-i-portes-corredisses-aillants\/#article\",\"isPartOf\":{\"@id\":\"https:\/\/factoriacanabal.com\/ca\/finestres-i-portes-corredisses-aillants\/\"},\"author\":{\"name\":\"Marta\",\"@id\":\"https:\/\/factoriacanabal.com\/#\/schema\/person\/64f4df18db917ef052ef0579cd07bce9\"},\"headline\":\"Finestres i portes corredisses a\u00efllants\",\"datePublished\":\"2024-06-11T17:30:06+00:00\",\"dateModified\":\"2025-08-28T11:41:27+00:00\",\"mainEntityOfPage\":{\"@id\":\"https:\/\/factoriacanabal.com\/ca\/finestres-i-portes-corredisses-aillants\/\"},\"wordCount\":797,\"publisher\":{\"@id\":\"https:\/\/factoriacanabal.com\/#organization\"},\"image\":{\"@id\":\"https:\/\/factoriacanabal.com\/ca\/finestres-i-portes-corredisses-aillants\/#primaryimage\"},\"thumbnailUrl\":\"https:\/\/factoriacanabal.com\/wp-content\/uploads\/2024\/06\/192_banyoles.jpg\",\"keywords\":[\"a\u00efllament\",\"alumini\",\"arquitectes\",\"carpinteries\",\"correderes\",\"correderes aillants\",\"eficiencia enrgetica\",\"finestra\",\"finestres\",\"finestres a\u00efllants a barcelona\",\"finestres alumini\",\"finestres barcelona\",\"finestres corredisses\",\"finestres pvc\",\"finstral\",\"interiorisme\",\"porta\",\"portes\",\"portes a\u00efllants\",\"portes correderes\",\"portes pvc\",\"pvc\"],\"articleSection\":[\"Informaci\u00f3 finestres\"],\"inLanguage\":\"ca\"},{\"@type\":\"WebPage\",\"@id\":\"https:\/\/factoriacanabal.com\/ca\/finestres-i-portes-corredisses-aillants\/\",\"url\":\"https:\/\/factoriacanabal.com\/ca\/finestres-i-portes-corredisses-aillants\/\",\"name\":\"Finestres i portes corredisses a\u00efllants: consells clau\",\"isPartOf\":{\"@id\":\"https:\/\/factoriacanabal.com\/#website\"},\"primaryImageOfPage\":{\"@id\":\"https:\/\/factoriacanabal.com\/ca\/finestres-i-portes-corredisses-aillants\/#primaryimage\"},\"image\":{\"@id\":\"https:\/\/factoriacanabal.com\/ca\/finestres-i-portes-corredisses-aillants\/#primaryimage\"},\"thumbnailUrl\":\"https:\/\/factoriacanabal.com\/wp-content\/uploads\/2024\/06\/192_banyoles.jpg\",\"datePublished\":\"2024-06-11T17:30:06+00:00\",\"dateModified\":\"2025-08-28T11:41:27+00:00\",\"description\":\"Descobreix les opcions m\u00e9s eficients en finestres i portes corredisses a\u00efllants: PVC, alumini, oscil\u00b7loparal\u00b7les i elevadores per a un m\u00e0xim confort.\",\"breadcrumb\":{\"@id\":\"https:\/\/factoriacanabal.com\/ca\/finestres-i-portes-corredisses-aillants\/#breadcrumb\"},\"inLanguage\":\"ca\",\"potentialAction\":[{\"@type\":\"ReadAction\",\"target\":[\"https:\/\/factoriacanabal.com\/ca\/finestres-i-portes-corredisses-aillants\/\"]}]},{\"@type\":\"ImageObject\",\"inLanguage\":\"ca\",\"@id\":\"https:\/\/factoriacanabal.com\/ca\/finestres-i-portes-corredisses-aillants\/#primaryimage\",\"url\":\"https:\/\/factoriacanabal.com\/wp-content\/uploads\/2024\/06\/192_banyoles.jpg\",\"contentUrl\":\"https:\/\/factoriacanabal.com\/wp-content\/uploads\/2024\/06\/192_banyoles.jpg\",\"width\":2500,\"height\":1667,\"caption\":\"ventanas y puertas correderas aislantes\"},{\"@type\":\"BreadcrumbList\",\"@id\":\"https:\/\/factoriacanabal.com\/ca\/finestres-i-portes-corredisses-aillants\/#breadcrumb\",\"itemListElement\":[{\"@type\":\"ListItem\",\"position\":1,\"name\":\"Inici\",\"item\":\"https:\/\/factoriacanabal.com\/ca\/inici\/\"},{\"@type\":\"ListItem\",\"position\":2,\"name\":\"Finestres i portes corredisses a\u00efllants\"}]},{\"@type\":\"WebSite\",\"@id\":\"https:\/\/factoriacanabal.com\/#website\",\"url\":\"https:\/\/factoriacanabal.com\/\",\"name\":\"Factoria Canabal\",\"description\":\"Finstral Partner Studio\",\"publisher\":{\"@id\":\"https:\/\/factoriacanabal.com\/#organization\"},\"potentialAction\":[{\"@type\":\"SearchAction\",\"target\":{\"@type\":\"EntryPoint\",\"urlTemplate\":\"https:\/\/factoriacanabal.com\/?s={search_term_string}\"},\"query-input\":{\"@type\":\"PropertyValueSpecification\",\"valueRequired\":true,\"valueName\":\"search_term_string\"}}],\"inLanguage\":\"ca\"},{\"@type\":\"Organization\",\"@id\":\"https:\/\/factoriacanabal.com\/#organization\",\"name\":\"Factoria Canabal\",\"url\":\"https:\/\/factoriacanabal.com\/\",\"logo\":{\"@type\":\"ImageObject\",\"inLanguage\":\"ca\",\"@id\":\"https:\/\/factoriacanabal.com\/#\/schema\/logo\/image\/\",\"url\":\"https:\/\/factoriacanabal.com\/wp-content\/uploads\/2018\/11\/logo_cabecera.jpg\",\"contentUrl\":\"https:\/\/factoriacanabal.com\/wp-content\/uploads\/2018\/11\/logo_cabecera.jpg\",\"width\":340,\"height\":156,\"caption\":\"Factoria Canabal\"},\"image\":{\"@id\":\"https:\/\/factoriacanabal.com\/#\/schema\/logo\/image\/\"},\"sameAs\":[\"https:\/\/www.facebook.com\/factoriacanabal\/\",\"https:\/\/x.com\/factoriacanabal\",\"https:\/\/www.youtube.com\/user\/Factoriavidres\"]},{\"@type\":\"Person\",\"@id\":\"https:\/\/factoriacanabal.com\/#\/schema\/person\/64f4df18db917ef052ef0579cd07bce9\",\"name\":\"Marta\",\"url\":\"https:\/\/factoriacanabal.com\/ca\/author\/marta\/\"}]}<\/script>\n<!-- \/ Yoast SEO plugin. -->","yoast_head_json":{"title":"Finestres i portes corredisses a\u00efllants: consells clau","description":"Descobreix les opcions m\u00e9s eficients en finestres i portes corredisses a\u00efllants: PVC, alumini, oscil\u00b7loparal\u00b7les i elevadores per a un m\u00e0xim confort.","robots":{"index":"index","follow":"follow","max-snippet":"max-snippet:-1","max-image-preview":"max-image-preview:large","max-video-preview":"max-video-preview:-1"},"canonical":"https:\/\/factoriacanabal.com\/ca\/finestres-i-portes-corredisses-aillants\/","og_locale":"ca_ES","og_type":"article","og_title":"Finestres i portes corredisses a\u00efllants: consells clau","og_description":"Descobreix les opcions m\u00e9s eficients en finestres i portes corredisses a\u00efllants: PVC, alumini, oscil\u00b7loparal\u00b7les i elevadores per a un m\u00e0xim confort.","og_url":"https:\/\/factoriacanabal.com\/ca\/finestres-i-portes-corredisses-aillants\/","og_site_name":"Factoria Canabal","article_publisher":"https:\/\/www.facebook.com\/factoriacanabal\/","article_published_time":"2024-06-11T17:30:06+00:00","article_modified_time":"2025-08-28T11:41:27+00:00","og_image":[{"width":2500,"height":1667,"url":"https:\/\/factoriacanabal.com\/wp-content\/uploads\/2024\/06\/192_banyoles.jpg","type":"image\/jpeg"}],"author":"Marta","twitter_card":"summary_large_image","twitter_creator":"@factoriacanabal","twitter_site":"@factoriacanabal","twitter_misc":{"Escrit per":"Marta","Temps estimat de lectura":"4 minuts"},"schema":{"@context":"https:\/\/schema.org","@graph":[{"@type":"Article","@id":"https:\/\/factoriacanabal.com\/ca\/finestres-i-portes-corredisses-aillants\/#article","isPartOf":{"@id":"https:\/\/factoriacanabal.com\/ca\/finestres-i-portes-corredisses-aillants\/"},"author":{"name":"Marta","@id":"https:\/\/factoriacanabal.com\/#\/schema\/person\/64f4df18db917ef052ef0579cd07bce9"},"headline":"Finestres i portes corredisses a\u00efllants","datePublished":"2024-06-11T17:30:06+00:00","dateModified":"2025-08-28T11:41:27+00:00","mainEntityOfPage":{"@id":"https:\/\/factoriacanabal.com\/ca\/finestres-i-portes-corredisses-aillants\/"},"wordCount":797,"publisher":{"@id":"https:\/\/factoriacanabal.com\/#organization"},"image":{"@id":"https:\/\/factoriacanabal.com\/ca\/finestres-i-portes-corredisses-aillants\/#primaryimage"},"thumbnailUrl":"https:\/\/factoriacanabal.com\/wp-content\/uploads\/2024\/06\/192_banyoles.jpg","keywords":["a\u00efllament","alumini","arquitectes","carpinteries","correderes","correderes aillants","eficiencia enrgetica","finestra","finestres","finestres a\u00efllants a barcelona","finestres alumini","finestres barcelona","finestres corredisses","finestres pvc","finstral","interiorisme","porta","portes","portes a\u00efllants","portes correderes","portes pvc","pvc"],"articleSection":["Informaci\u00f3 finestres"],"inLanguage":"ca"},{"@type":"WebPage","@id":"https:\/\/factoriacanabal.com\/ca\/finestres-i-portes-corredisses-aillants\/","url":"https:\/\/factoriacanabal.com\/ca\/finestres-i-portes-corredisses-aillants\/","name":"Finestres i portes corredisses a\u00efllants: consells clau","isPartOf":{"@id":"https:\/\/factoriacanabal.com\/#website"},"primaryImageOfPage":{"@id":"https:\/\/factoriacanabal.com\/ca\/finestres-i-portes-corredisses-aillants\/#primaryimage"},"image":{"@id":"https:\/\/factoriacanabal.com\/ca\/finestres-i-portes-corredisses-aillants\/#primaryimage"},"thumbnailUrl":"https:\/\/factoriacanabal.com\/wp-content\/uploads\/2024\/06\/192_banyoles.jpg","datePublished":"2024-06-11T17:30:06+00:00","dateModified":"2025-08-28T11:41:27+00:00","description":"Descobreix les opcions m\u00e9s eficients en finestres i portes corredisses a\u00efllants: PVC, alumini, oscil\u00b7loparal\u00b7les i elevadores per a un m\u00e0xim confort.","breadcrumb":{"@id":"https:\/\/factoriacanabal.com\/ca\/finestres-i-portes-corredisses-aillants\/#breadcrumb"},"inLanguage":"ca","potentialAction":[{"@type":"ReadAction","target":["https:\/\/factoriacanabal.com\/ca\/finestres-i-portes-corredisses-aillants\/"]}]},{"@type":"ImageObject","inLanguage":"ca","@id":"https:\/\/factoriacanabal.com\/ca\/finestres-i-portes-corredisses-aillants\/#primaryimage","url":"https:\/\/factoriacanabal.com\/wp-content\/uploads\/2024\/06\/192_banyoles.jpg","contentUrl":"https:\/\/factoriacanabal.com\/wp-content\/uploads\/2024\/06\/192_banyoles.jpg","width":2500,"height":1667,"caption":"ventanas y puertas correderas aislantes"},{"@type":"BreadcrumbList","@id":"https:\/\/factoriacanabal.com\/ca\/finestres-i-portes-corredisses-aillants\/#breadcrumb","itemListElement":[{"@type":"ListItem","position":1,"name":"Inici","item":"https:\/\/factoriacanabal.com\/ca\/inici\/"},{"@type":"ListItem","position":2,"name":"Finestres i portes corredisses a\u00efllants"}]},{"@type":"WebSite","@id":"https:\/\/factoriacanabal.com\/#website","url":"https:\/\/factoriacanabal.com\/","name":"Factoria Canabal","description":"Finstral Partner Studio","publisher":{"@id":"https:\/\/factoriacanabal.com\/#organization"},"potentialAction":[{"@type":"SearchAction","target":{"@type":"EntryPoint","urlTemplate":"https:\/\/factoriacanabal.com\/?s={search_term_string}"},"query-input":{"@type":"PropertyValueSpecification","valueRequired":true,"valueName":"search_term_string"}}],"inLanguage":"ca"},{"@type":"Organization","@id":"https:\/\/factoriacanabal.com\/#organization","name":"Factoria Canabal","url":"https:\/\/factoriacanabal.com\/","logo":{"@type":"ImageObject","inLanguage":"ca","@id":"https:\/\/factoriacanabal.com\/#\/schema\/logo\/image\/","url":"https:\/\/factoriacanabal.com\/wp-content\/uploads\/2018\/11\/logo_cabecera.jpg","contentUrl":"https:\/\/factoriacanabal.com\/wp-content\/uploads\/2018\/11\/logo_cabecera.jpg","width":340,"height":156,"caption":"Factoria Canabal"},"image":{"@id":"https:\/\/factoriacanabal.com\/#\/schema\/logo\/image\/"},"sameAs":["https:\/\/www.facebook.com\/factoriacanabal\/","https:\/\/x.com\/factoriacanabal","https:\/\/www.youtube.com\/user\/Factoriavidres"]},{"@type":"Person","@id":"https:\/\/factoriacanabal.com\/#\/schema\/person\/64f4df18db917ef052ef0579cd07bce9","name":"Marta","url":"https:\/\/factoriacanabal.com\/ca\/author\/marta\/"}]}},"_links":{"self":[{"href":"https:\/\/factoriacanabal.com\/ca\/wp-json\/wp\/v2\/posts\/33336"}],"collection":[{"href":"https:\/\/factoriacanabal.com\/ca\/wp-json\/wp\/v2\/posts"}],"about":[{"href":"https:\/\/factoriacanabal.com\/ca\/wp-json\/wp\/v2\/types\/post"}],"author":[{"embeddable":true,"href":"https:\/\/factoriacanabal.com\/ca\/wp-json\/wp\/v2\/users\/3"}],"replies":[{"embeddable":true,"href":"https:\/\/factoriacanabal.com\/ca\/wp-json\/wp\/v2\/comments?post=33336"}],"version-history":[{"count":10,"href":"https:\/\/factoriacanabal.com\/ca\/wp-json\/wp\/v2\/posts\/33336\/revisions"}],"predecessor-version":[{"id":33437,"href":"https:\/\/factoriacanabal.com\/ca\/wp-json\/wp\/v2\/posts\/33336\/revisions\/33437"}],"wp:featuredmedia":[{"embeddable":true,"href":"https:\/\/factoriacanabal.com\/ca\/wp-json\/wp\/v2\/media\/33327"}],"wp:attachment":[{"href":"https:\/\/factoriacanabal.com\/ca\/wp-json\/wp\/v2\/media?parent=33336"}],"wp:term":[{"taxonomy":"category","embeddable":true,"href":"https:\/\/factoriacanabal.com\/ca\/wp-json\/wp\/v2\/categories?post=33336"},{"taxonomy":"post_tag","embeddable":true,"href":"https:\/\/factoriacanabal.com\/ca\/wp-json\/wp\/v2\/tags?post=33336"}],"curies":[{"name":"wp","href":"https:\/\/api.w.org\/{rel}","templated":true}]}}