{"id":33488,"date":"2024-11-08T17:20:10","date_gmt":"2024-11-08T17:20:10","guid":{"rendered":"https:\/\/factoriacanabal.com\/?p=33488"},"modified":"2024-11-08T17:44:05","modified_gmt":"2024-11-08T17:44:05","slug":"fira-novembre-vilanova-i-la-geltru","status":"publish","type":"post","link":"https:\/\/factoriacanabal.com\/ca\/fira-novembre-vilanova-i-la-geltru\/","title":{"rendered":"Fira de novembre a Vilanova i la Geltr\u00fa"},"content":{"rendered":"<h2>Visita&#8217;ns a la fira de novembre a Vilanova i la Geltr\u00fa<\/h2>\n<p>El cap de semana del 8, 9 i 10 de novembre es dur\u00e0 a terme la 33\u00aa edici\u00f3 de la Fira de Novembre de Vilanova i la Geltr\u00fa, on el comer\u00e7 local surt al carrer.<\/p>\n<p>Es diu que ja al 1381 es va iniciar un mercat d\u2019alimentaci\u00f3 i pagesia a la Vila. Poc a poc, s\u2019ha anat transformant en el format de fira d\u2019avui dia. Aquest espai firal a cel obert proposa una oferta molt \u00e0mplia separada per sectors, productes, serveis i fins i tot espais on es programen activitats per a tota la fam\u00edlia. La rambla es vesteix de gal\u00b7la preparada per rebre els ciutadans i ciutadanes que tinguin ganes d&#8217; escoltar propostes.<\/p>\n<p>Vilanova i la Geltr\u00fa \u00e9s rica en la seva gastronom\u00eda, cultura, patrimoni hist\u00f2ric i amb un teixit social en moviment. Resumint, \u00e9s una oportunitat \u00fanica perqu\u00e8 gaudeixis d\u2019una ciutat encantadora.<\/p>\n<p><a href=\"https:\/\/factoriacanabal.com\/wp-content\/uploads\/2024\/11\/Fira-novembre-vilanova-Factoria-Canabal-Finstral.jpg\"><img loading=\"lazy\" decoding=\"async\" class=\"aligncenter wp-image-33491 size-large\" title=\"vilanova finstral factoria canabal\" src=\"https:\/\/factoriacanabal.com\/wp-content\/uploads\/2024\/11\/Fira-novembre-vilanova-Factoria-Canabal-Finstral-1030x772.jpg\" alt=\"fira novembre factoria canabal finstral\" width=\"1030\" height=\"772\" srcset=\"https:\/\/factoriacanabal.com\/wp-content\/uploads\/2024\/11\/Fira-novembre-vilanova-Factoria-Canabal-Finstral-980x734.jpg 980w, https:\/\/factoriacanabal.com\/wp-content\/uploads\/2024\/11\/Fira-novembre-vilanova-Factoria-Canabal-Finstral-480x360.jpg 480w\" sizes=\"(min-width: 0px) and (max-width: 480px) 480px, (min-width: 481px) and (max-width: 980px) 980px, (min-width: 981px) 1030px, 100vw\" \/><\/a><\/p>\n<h2>Factoria Canabal a Vilanova i la Geltr\u00fa<\/h2>\n<p>Factoria Canabal Finstral Studio ha muntat una parada a la fira per tal de mostrar tota la seva gamma de productes Finstral i explicar la qualitat del seu muntatge. En aquesta parada podreu trobar finestres de pvc, finestres d\u2019alumini i tamb\u00e9 de fusta interior. Trobareu mostres de tots els colors disponibles aix\u00ed com els acabaments per donar un \u00faltim toc personal.<\/p>\n<p><a href=\"http:\/\/www.factoriacanabal.com\">Factoria Canabal<\/a> \u00e9s distribu\u00efdor oficial de Finstral des de fa m\u00e9s de 30 anys i t\u00e9 la certificaci\u00f3 de muntatge professional. Amb dos Studios a la zona, un a <a href=\"https:\/\/maps.app.goo.gl\/Eggq45gaUrEgxYRZ7\">L\u2019Hospitalet de Llobregat<\/a> i l\u2019altre a <a href=\"https:\/\/maps.app.goo.gl\/J3g8qhF9auupvJLd7\">Vilanova i la Geltr\u00fa<\/a>, d\u00f3na servei per tota la costa catalana i l\u2019\u00e0rea metropolitana de Barcelona. Ens caracteritza l&#8217;efici\u00e8ncia i un tracte personal proper i professional. Ja sigui en la gesti\u00f3 dels pressuposts i comandes com en el muntatge i el servei posterior.<\/p>\n<p>Recull els cat\u00e0legs de finestres o portes de carrer i xerra una estona amb nosaltres per tal d\u2019esbrinar quina \u00e9s la millor soluci\u00f3 per a la teva llar!<\/p>\n<p>No et perdis aquesta oportunitat i visita\u2019ns sense cap comprom\u00eds!<\/p>\n","protected":false},"excerpt":{"rendered":"<p>Visita&#8217;ns a la fira de novembre a Vilanova i la Geltr\u00fa El cap de semana del 8, 9 i 10 de novembre es dur\u00e0 a terme la 33\u00aa edici\u00f3 de la Fira de Novembre de Vilanova i la Geltr\u00fa, on el comer\u00e7 local surt al carrer. Es diu que ja al 1381 es va iniciar [&hellip;]<\/p>\n","protected":false},"author":3,"featured_media":33491,"comment_status":"closed","ping_status":"closed","sticky":false,"template":"","format":"standard","meta":{"_et_pb_use_builder":"","_et_pb_old_content":"","_et_gb_content_width":"","_monsterinsights_skip_tracking":false,"_monsterinsights_sitenote_active":false,"_monsterinsights_sitenote_note":"","_monsterinsights_sitenote_category":0,"footnotes":""},"categories":[66],"tags":[545,698,699,352,243,131,542,548,353,364,700,693,694,695,217,374,697,701,696],"class_list":["post-33488","post","type-post","status-publish","format-standard","has-post-thumbnail","hentry","category-noticies-finestres","tag-alumini","tag-cubelles","tag-cunit","tag-factoria-canabal-ca","tag-finestres","tag-finestres-aillants","tag-finestres-alumini","tag-finestres-pvc","tag-finstral-ca","tag-finstral-studio-ca","tag-finstral-studio-vilanova-i-la-geltru","tag-fira","tag-fira-novembre","tag-fira-novembre-vng","tag-installacio-de-finestres","tag-pvc-ca","tag-sant-pere-de-ribes","tag-sitges-ca","tag-vilanova-i-la-geltru"],"yoast_head":"<!-- This site is optimized with the Yoast SEO plugin v24.2 - https:\/\/yoast.com\/wordpress\/plugins\/seo\/ -->\n<title>Fira de novembre a Vilanova i la Geltr\u00fa - Factoria Canabal<\/title>\n<meta name=\"description\" content=\"Visita&#039;ns a la Fira de novembre de Vilanova i la Geltr\u00fa! T&#039;esperem a la nostra parada Factoria Canabal Finstral Studio.\" \/>\n<meta name=\"robots\" content=\"index, follow, max-snippet:-1, max-image-preview:large, max-video-preview:-1\" \/>\n<link rel=\"canonical\" href=\"https:\/\/factoriacanabal.com\/ca\/fira-novembre-vilanova-i-la-geltru\/\" \/>\n<meta property=\"og:locale\" content=\"ca_ES\" \/>\n<meta property=\"og:type\" content=\"article\" \/>\n<meta property=\"og:title\" content=\"Fira de novembre a Vilanova i la Geltr\u00fa - Factoria Canabal\" \/>\n<meta property=\"og:description\" content=\"Visita&#039;ns a la Fira de novembre de Vilanova i la Geltr\u00fa! T&#039;esperem a la nostra parada Factoria Canabal Finstral Studio.\" \/>\n<meta property=\"og:url\" content=\"https:\/\/factoriacanabal.com\/ca\/fira-novembre-vilanova-i-la-geltru\/\" \/>\n<meta property=\"og:site_name\" content=\"Factoria Canabal\" \/>\n<meta property=\"article:publisher\" content=\"https:\/\/www.facebook.com\/factoriacanabal\/\" \/>\n<meta property=\"article:published_time\" content=\"2024-11-08T17:20:10+00:00\" \/>\n<meta property=\"article:modified_time\" content=\"2024-11-08T17:44:05+00:00\" \/>\n<meta property=\"og:image\" content=\"https:\/\/factoriacanabal.com\/wp-content\/uploads\/2024\/11\/Fira-novembre-vilanova-Factoria-Canabal-Finstral.jpg\" \/>\n\t<meta property=\"og:image:width\" content=\"1600\" \/>\n\t<meta property=\"og:image:height\" content=\"1199\" \/>\n\t<meta property=\"og:image:type\" content=\"image\/jpeg\" \/>\n<meta name=\"author\" content=\"Marta\" \/>\n<meta name=\"twitter:card\" content=\"summary_large_image\" \/>\n<meta name=\"twitter:creator\" content=\"@factoriacanabal\" \/>\n<meta name=\"twitter:site\" content=\"@factoriacanabal\" \/>\n<meta name=\"twitter:label1\" content=\"Escrit per\" \/>\n\t<meta name=\"twitter:data1\" content=\"Marta\" \/>\n\t<meta name=\"twitter:label2\" content=\"Temps estimat de lectura\" \/>\n\t<meta name=\"twitter:data2\" content=\"2 minuts\" \/>\n<script type=\"application\/ld+json\" class=\"yoast-schema-graph\">{\"@context\":\"https:\/\/schema.org\",\"@graph\":[{\"@type\":\"Article\",\"@id\":\"https:\/\/factoriacanabal.com\/ca\/fira-novembre-vilanova-i-la-geltru\/#article\",\"isPartOf\":{\"@id\":\"https:\/\/factoriacanabal.com\/ca\/fira-novembre-vilanova-i-la-geltru\/\"},\"author\":{\"name\":\"Marta\",\"@id\":\"https:\/\/factoriacanabal.com\/#\/schema\/person\/64f4df18db917ef052ef0579cd07bce9\"},\"headline\":\"Fira de novembre a Vilanova i la Geltr\u00fa\",\"datePublished\":\"2024-11-08T17:20:10+00:00\",\"dateModified\":\"2024-11-08T17:44:05+00:00\",\"mainEntityOfPage\":{\"@id\":\"https:\/\/factoriacanabal.com\/ca\/fira-novembre-vilanova-i-la-geltru\/\"},\"wordCount\":363,\"publisher\":{\"@id\":\"https:\/\/factoriacanabal.com\/#organization\"},\"image\":{\"@id\":\"https:\/\/factoriacanabal.com\/ca\/fira-novembre-vilanova-i-la-geltru\/#primaryimage\"},\"thumbnailUrl\":\"https:\/\/factoriacanabal.com\/wp-content\/uploads\/2024\/11\/Fira-novembre-vilanova-Factoria-Canabal-Finstral.jpg\",\"keywords\":[\"alumini\",\"cubelles\",\"cunit\",\"Factoria Canabal\",\"finestres\",\"finestres a\u00efllants\",\"finestres alumini\",\"finestres pvc\",\"finstral\",\"Finstral Studio\",\"finstral studio vilanova i la geltr\u00fa\",\"fira\",\"fira novembre\",\"fira novembre vng\",\"instal\u00b7laci\u00f3 de finestres\",\"pvc\",\"sant pere de ribes\",\"sitges\",\"vilanova i la geltr\u00fa\"],\"articleSection\":[\"Not\u00edcies finestres\"],\"inLanguage\":\"ca\"},{\"@type\":\"WebPage\",\"@id\":\"https:\/\/factoriacanabal.com\/ca\/fira-novembre-vilanova-i-la-geltru\/\",\"url\":\"https:\/\/factoriacanabal.com\/ca\/fira-novembre-vilanova-i-la-geltru\/\",\"name\":\"Fira de novembre a Vilanova i la Geltr\u00fa - Factoria Canabal\",\"isPartOf\":{\"@id\":\"https:\/\/factoriacanabal.com\/#website\"},\"primaryImageOfPage\":{\"@id\":\"https:\/\/factoriacanabal.com\/ca\/fira-novembre-vilanova-i-la-geltru\/#primaryimage\"},\"image\":{\"@id\":\"https:\/\/factoriacanabal.com\/ca\/fira-novembre-vilanova-i-la-geltru\/#primaryimage\"},\"thumbnailUrl\":\"https:\/\/factoriacanabal.com\/wp-content\/uploads\/2024\/11\/Fira-novembre-vilanova-Factoria-Canabal-Finstral.jpg\",\"datePublished\":\"2024-11-08T17:20:10+00:00\",\"dateModified\":\"2024-11-08T17:44:05+00:00\",\"description\":\"Visita'ns a la Fira de novembre de Vilanova i la Geltr\u00fa! T'esperem a la nostra parada Factoria Canabal Finstral Studio.\",\"breadcrumb\":{\"@id\":\"https:\/\/factoriacanabal.com\/ca\/fira-novembre-vilanova-i-la-geltru\/#breadcrumb\"},\"inLanguage\":\"ca\",\"potentialAction\":[{\"@type\":\"ReadAction\",\"target\":[\"https:\/\/factoriacanabal.com\/ca\/fira-novembre-vilanova-i-la-geltru\/\"]}]},{\"@type\":\"ImageObject\",\"inLanguage\":\"ca\",\"@id\":\"https:\/\/factoriacanabal.com\/ca\/fira-novembre-vilanova-i-la-geltru\/#primaryimage\",\"url\":\"https:\/\/factoriacanabal.com\/wp-content\/uploads\/2024\/11\/Fira-novembre-vilanova-Factoria-Canabal-Finstral.jpg\",\"contentUrl\":\"https:\/\/factoriacanabal.com\/wp-content\/uploads\/2024\/11\/Fira-novembre-vilanova-Factoria-Canabal-Finstral.jpg\",\"width\":1600,\"height\":1199,\"caption\":\"fira novembre factoria canabal finstral\"},{\"@type\":\"BreadcrumbList\",\"@id\":\"https:\/\/factoriacanabal.com\/ca\/fira-novembre-vilanova-i-la-geltru\/#breadcrumb\",\"itemListElement\":[{\"@type\":\"ListItem\",\"position\":1,\"name\":\"Inici\",\"item\":\"https:\/\/factoriacanabal.com\/ca\/inici\/\"},{\"@type\":\"ListItem\",\"position\":2,\"name\":\"Fira de novembre a Vilanova i la Geltr\u00fa\"}]},{\"@type\":\"WebSite\",\"@id\":\"https:\/\/factoriacanabal.com\/#website\",\"url\":\"https:\/\/factoriacanabal.com\/\",\"name\":\"Factoria Canabal\",\"description\":\"Finstral Partner Studio\",\"publisher\":{\"@id\":\"https:\/\/factoriacanabal.com\/#organization\"},\"potentialAction\":[{\"@type\":\"SearchAction\",\"target\":{\"@type\":\"EntryPoint\",\"urlTemplate\":\"https:\/\/factoriacanabal.com\/?s={search_term_string}\"},\"query-input\":{\"@type\":\"PropertyValueSpecification\",\"valueRequired\":true,\"valueName\":\"search_term_string\"}}],\"inLanguage\":\"ca\"},{\"@type\":\"Organization\",\"@id\":\"https:\/\/factoriacanabal.com\/#organization\",\"name\":\"Factoria Canabal\",\"url\":\"https:\/\/factoriacanabal.com\/\",\"logo\":{\"@type\":\"ImageObject\",\"inLanguage\":\"ca\",\"@id\":\"https:\/\/factoriacanabal.com\/#\/schema\/logo\/image\/\",\"url\":\"https:\/\/factoriacanabal.com\/wp-content\/uploads\/2018\/11\/logo_cabecera.jpg\",\"contentUrl\":\"https:\/\/factoriacanabal.com\/wp-content\/uploads\/2018\/11\/logo_cabecera.jpg\",\"width\":340,\"height\":156,\"caption\":\"Factoria Canabal\"},\"image\":{\"@id\":\"https:\/\/factoriacanabal.com\/#\/schema\/logo\/image\/\"},\"sameAs\":[\"https:\/\/www.facebook.com\/factoriacanabal\/\",\"https:\/\/x.com\/factoriacanabal\",\"https:\/\/www.youtube.com\/user\/Factoriavidres\"]},{\"@type\":\"Person\",\"@id\":\"https:\/\/factoriacanabal.com\/#\/schema\/person\/64f4df18db917ef052ef0579cd07bce9\",\"name\":\"Marta\",\"url\":\"https:\/\/factoriacanabal.com\/ca\/author\/marta\/\"}]}<\/script>\n<!-- \/ Yoast SEO plugin. -->","yoast_head_json":{"title":"Fira de novembre a Vilanova i la Geltr\u00fa - Factoria Canabal","description":"Visita'ns a la Fira de novembre de Vilanova i la Geltr\u00fa! T'esperem a la nostra parada Factoria Canabal Finstral Studio.","robots":{"index":"index","follow":"follow","max-snippet":"max-snippet:-1","max-image-preview":"max-image-preview:large","max-video-preview":"max-video-preview:-1"},"canonical":"https:\/\/factoriacanabal.com\/ca\/fira-novembre-vilanova-i-la-geltru\/","og_locale":"ca_ES","og_type":"article","og_title":"Fira de novembre a Vilanova i la Geltr\u00fa - Factoria Canabal","og_description":"Visita'ns a la Fira de novembre de Vilanova i la Geltr\u00fa! T'esperem a la nostra parada Factoria Canabal Finstral Studio.","og_url":"https:\/\/factoriacanabal.com\/ca\/fira-novembre-vilanova-i-la-geltru\/","og_site_name":"Factoria Canabal","article_publisher":"https:\/\/www.facebook.com\/factoriacanabal\/","article_published_time":"2024-11-08T17:20:10+00:00","article_modified_time":"2024-11-08T17:44:05+00:00","og_image":[{"width":1600,"height":1199,"url":"https:\/\/factoriacanabal.com\/wp-content\/uploads\/2024\/11\/Fira-novembre-vilanova-Factoria-Canabal-Finstral.jpg","type":"image\/jpeg"}],"author":"Marta","twitter_card":"summary_large_image","twitter_creator":"@factoriacanabal","twitter_site":"@factoriacanabal","twitter_misc":{"Escrit per":"Marta","Temps estimat de lectura":"2 minuts"},"schema":{"@context":"https:\/\/schema.org","@graph":[{"@type":"Article","@id":"https:\/\/factoriacanabal.com\/ca\/fira-novembre-vilanova-i-la-geltru\/#article","isPartOf":{"@id":"https:\/\/factoriacanabal.com\/ca\/fira-novembre-vilanova-i-la-geltru\/"},"author":{"name":"Marta","@id":"https:\/\/factoriacanabal.com\/#\/schema\/person\/64f4df18db917ef052ef0579cd07bce9"},"headline":"Fira de novembre a Vilanova i la Geltr\u00fa","datePublished":"2024-11-08T17:20:10+00:00","dateModified":"2024-11-08T17:44:05+00:00","mainEntityOfPage":{"@id":"https:\/\/factoriacanabal.com\/ca\/fira-novembre-vilanova-i-la-geltru\/"},"wordCount":363,"publisher":{"@id":"https:\/\/factoriacanabal.com\/#organization"},"image":{"@id":"https:\/\/factoriacanabal.com\/ca\/fira-novembre-vilanova-i-la-geltru\/#primaryimage"},"thumbnailUrl":"https:\/\/factoriacanabal.com\/wp-content\/uploads\/2024\/11\/Fira-novembre-vilanova-Factoria-Canabal-Finstral.jpg","keywords":["alumini","cubelles","cunit","Factoria Canabal","finestres","finestres a\u00efllants","finestres alumini","finestres pvc","finstral","Finstral Studio","finstral studio vilanova i la geltr\u00fa","fira","fira novembre","fira novembre vng","instal\u00b7laci\u00f3 de finestres","pvc","sant pere de ribes","sitges","vilanova i la geltr\u00fa"],"articleSection":["Not\u00edcies finestres"],"inLanguage":"ca"},{"@type":"WebPage","@id":"https:\/\/factoriacanabal.com\/ca\/fira-novembre-vilanova-i-la-geltru\/","url":"https:\/\/factoriacanabal.com\/ca\/fira-novembre-vilanova-i-la-geltru\/","name":"Fira de novembre a Vilanova i la Geltr\u00fa - Factoria Canabal","isPartOf":{"@id":"https:\/\/factoriacanabal.com\/#website"},"primaryImageOfPage":{"@id":"https:\/\/factoriacanabal.com\/ca\/fira-novembre-vilanova-i-la-geltru\/#primaryimage"},"image":{"@id":"https:\/\/factoriacanabal.com\/ca\/fira-novembre-vilanova-i-la-geltru\/#primaryimage"},"thumbnailUrl":"https:\/\/factoriacanabal.com\/wp-content\/uploads\/2024\/11\/Fira-novembre-vilanova-Factoria-Canabal-Finstral.jpg","datePublished":"2024-11-08T17:20:10+00:00","dateModified":"2024-11-08T17:44:05+00:00","description":"Visita'ns a la Fira de novembre de Vilanova i la Geltr\u00fa! T'esperem a la nostra parada Factoria Canabal Finstral Studio.","breadcrumb":{"@id":"https:\/\/factoriacanabal.com\/ca\/fira-novembre-vilanova-i-la-geltru\/#breadcrumb"},"inLanguage":"ca","potentialAction":[{"@type":"ReadAction","target":["https:\/\/factoriacanabal.com\/ca\/fira-novembre-vilanova-i-la-geltru\/"]}]},{"@type":"ImageObject","inLanguage":"ca","@id":"https:\/\/factoriacanabal.com\/ca\/fira-novembre-vilanova-i-la-geltru\/#primaryimage","url":"https:\/\/factoriacanabal.com\/wp-content\/uploads\/2024\/11\/Fira-novembre-vilanova-Factoria-Canabal-Finstral.jpg","contentUrl":"https:\/\/factoriacanabal.com\/wp-content\/uploads\/2024\/11\/Fira-novembre-vilanova-Factoria-Canabal-Finstral.jpg","width":1600,"height":1199,"caption":"fira novembre factoria canabal finstral"},{"@type":"BreadcrumbList","@id":"https:\/\/factoriacanabal.com\/ca\/fira-novembre-vilanova-i-la-geltru\/#breadcrumb","itemListElement":[{"@type":"ListItem","position":1,"name":"Inici","item":"https:\/\/factoriacanabal.com\/ca\/inici\/"},{"@type":"ListItem","position":2,"name":"Fira de novembre a Vilanova i la Geltr\u00fa"}]},{"@type":"WebSite","@id":"https:\/\/factoriacanabal.com\/#website","url":"https:\/\/factoriacanabal.com\/","name":"Factoria Canabal","description":"Finstral Partner Studio","publisher":{"@id":"https:\/\/factoriacanabal.com\/#organization"},"potentialAction":[{"@type":"SearchAction","target":{"@type":"EntryPoint","urlTemplate":"https:\/\/factoriacanabal.com\/?s={search_term_string}"},"query-input":{"@type":"PropertyValueSpecification","valueRequired":true,"valueName":"search_term_string"}}],"inLanguage":"ca"},{"@type":"Organization","@id":"https:\/\/factoriacanabal.com\/#organization","name":"Factoria Canabal","url":"https:\/\/factoriacanabal.com\/","logo":{"@type":"ImageObject","inLanguage":"ca","@id":"https:\/\/factoriacanabal.com\/#\/schema\/logo\/image\/","url":"https:\/\/factoriacanabal.com\/wp-content\/uploads\/2018\/11\/logo_cabecera.jpg","contentUrl":"https:\/\/factoriacanabal.com\/wp-content\/uploads\/2018\/11\/logo_cabecera.jpg","width":340,"height":156,"caption":"Factoria Canabal"},"image":{"@id":"https:\/\/factoriacanabal.com\/#\/schema\/logo\/image\/"},"sameAs":["https:\/\/www.facebook.com\/factoriacanabal\/","https:\/\/x.com\/factoriacanabal","https:\/\/www.youtube.com\/user\/Factoriavidres"]},{"@type":"Person","@id":"https:\/\/factoriacanabal.com\/#\/schema\/person\/64f4df18db917ef052ef0579cd07bce9","name":"Marta","url":"https:\/\/factoriacanabal.com\/ca\/author\/marta\/"}]}},"_links":{"self":[{"href":"https:\/\/factoriacanabal.com\/ca\/wp-json\/wp\/v2\/posts\/33488"}],"collection":[{"href":"https:\/\/factoriacanabal.com\/ca\/wp-json\/wp\/v2\/posts"}],"about":[{"href":"https:\/\/factoriacanabal.com\/ca\/wp-json\/wp\/v2\/types\/post"}],"author":[{"embeddable":true,"href":"https:\/\/factoriacanabal.com\/ca\/wp-json\/wp\/v2\/users\/3"}],"replies":[{"embeddable":true,"href":"https:\/\/factoriacanabal.com\/ca\/wp-json\/wp\/v2\/comments?post=33488"}],"version-history":[{"count":1,"href":"https:\/\/factoriacanabal.com\/ca\/wp-json\/wp\/v2\/posts\/33488\/revisions"}],"predecessor-version":[{"id":33493,"href":"https:\/\/factoriacanabal.com\/ca\/wp-json\/wp\/v2\/posts\/33488\/revisions\/33493"}],"wp:featuredmedia":[{"embeddable":true,"href":"https:\/\/factoriacanabal.com\/ca\/wp-json\/wp\/v2\/media\/33491"}],"wp:attachment":[{"href":"https:\/\/factoriacanabal.com\/ca\/wp-json\/wp\/v2\/media?parent=33488"}],"wp:term":[{"taxonomy":"category","embeddable":true,"href":"https:\/\/factoriacanabal.com\/ca\/wp-json\/wp\/v2\/categories?post=33488"},{"taxonomy":"post_tag","embeddable":true,"href":"https:\/\/factoriacanabal.com\/ca\/wp-json\/wp\/v2\/tags?post=33488"}],"curies":[{"name":"wp","href":"https:\/\/api.w.org\/{rel}","templated":true}]}}