{"id":4647,"date":"2013-04-19T08:23:02","date_gmt":"2013-04-19T08:23:02","guid":{"rendered":"http:\/\/factoriacanabal.com\/wordpress\/?p=4647"},"modified":"2021-07-14T11:47:59","modified_gmt":"2021-07-14T11:47:59","slug":"certificacio-energetica-factoria-canabal","status":"publish","type":"post","link":"https:\/\/factoriacanabal.com\/ca\/certificacio-energetica-factoria-canabal\/","title":{"rendered":"Certificaci\u00f3 energ\u00e8tica \u2013 Finstral"},"content":{"rendered":"<h2>Qu\u00e8 \u00e9s la certificaci\u00f3 energ\u00e8tica?<\/h2>\n<p>Divendres passat el Govern central va aprovar finalment el reial decret sobre el procediment b\u00e0sic per a la certificaci\u00f3 energ\u00e8tica. A partir de l&#8217;1 de juny els pisos, locals comercials i oficines en venda o lloguer hauran de posseir un certificat energ\u00e8tic. Ser\u00e0 l&#8217;etiqueta que indicar\u00e0 el consum energ\u00e8tic.<\/p>\n<p>L&#8217;A ser\u00e0 la millor qualificaci\u00f3 (menor consum energ\u00e8tic), i la G, la pitjor (major consum). L&#8217;objectiu d&#8217;aquesta mesura \u00e9s informar el consumidor sobre l&#8217;efici\u00e8ncia energ\u00e8tica de l&#8217;habitatge o local que est\u00e0 a punt d&#8217;adquirir. S&#8217;estima que entre dos edificis de les mateixes dimensions, l&#8217;estalvi energ\u00e8tic entre una qualificaci\u00f3 A i una qualificaci\u00f3 G pot ser del 70%, \u00e9s a dir que l&#8217;inquil\u00ed-ina o comprador d&#8217;un habitatge amb qualificaci\u00f3 A pagar\u00e0 el 70% menys que el propietari d&#8217;un habitatge de qualificaci\u00f3 G per a aconseguir els mateixos nivells de confortabilitat, segons dades de la signatura Certicalia.<\/p>\n<p><img loading=\"lazy\" decoding=\"async\" class=\"n3VNCb alignright\" title=\"certificaci\u00f3nenerg\u00e9tica\" src=\"http:\/\/comoahorrardinero.com.ar\/wp-content\/uploads\/2021\/02\/etiqueta-eficiencia-energ%C3%A9tica.png\" alt=\"certificaci\u00f3nenerg\u00e9tica\" width=\"203\" height=\"220\" data-noaft=\"1\" \/><\/p>\n<h4>Test energia<\/h4>\n<p>El col\u00b7legi d&#8217;Aparelladors, Arquitectes T\u00e8cnics i Enginyers d&#8217;Edificaci\u00f3 de Barcelona ha posat en marxa el Test Energia perqu\u00e8 totes les persones interessades puguin con\u00e8ixer quin \u00e9s el comportament energ\u00e8tic del seu habitatge. El test mesura el consum real de l&#8217;habitatge, tant d&#8217;electricitat com de gas i tamb\u00e9 analitza els h\u00e0bits de les persones que habiten en ella. Els indicadors que es valoren s\u00f3n l&#8217;envolupant de l&#8217;edifici, a\u00efllaments existents, ponts t\u00e8rmics, qualitat de portes i finestres, les instal\u00b7lacions generadors d&#8217;energia, la calefacci\u00f3 i refrigeraci\u00f3 de l&#8217;edifici, l&#8217;aigua calenta sanit\u00e0ria ACS i il\u00b7luminaci\u00f3.<\/p>\n<p>En la normativa actual es requereixen unes mesures de reducci\u00f3 del consum i uns equips que afavoreixin l&#8217;estalvi energ\u00e8tic. Amb el d&#8217;estalvi i efici\u00e8ncia energ\u00e8tica 2011-2020 s&#8217;actuar\u00e0 sobre els seg\u00fcents segments de l&#8217;edificaci\u00f3:<\/p>\n<ul>\n<li>A\u00efllaments t\u00e8rmics i finestres que millorin l&#8217;efici\u00e8ncia energ\u00e8tica.<\/li>\n<li>Il\u00b7luminaci\u00f3 de baix consum. Equips de climatitzaci\u00f3 i refrigeradors d&#8217;aigua d&#8217;alta efici\u00e8ncia.<\/li>\n<li>Millora de calderes Radiadors per aigua a baixa temperatura i s\u00f2l-sostre radiants.<\/li>\n<li>Ascensors d&#8217;alta efic\u00e0cia Sistema de gesti\u00f3, control i regulaci\u00f3 \u00f2ptims.<\/li>\n<\/ul>\n<p>Per tant, aquesta certificaci\u00f3 energ\u00e8tica suposa que els habitatges amb millors qualificacions tindran un preu superior i major prefer\u00e8ncia. I per descomptat un estalvi energ\u00e8tic: si s\u00f3n realitzades les obres de millora proposades, estalviar\u00e0 en la seva factura energ\u00e8tica. Fonts: <a href=\"http:\/\/www.boe.es\/boe\/dias\/2013\/04\/13\/pdfs\/BOE-A-2013-3904.pdf\"> <span style=\"color: #0000ff;\">Butllet\u00ed oficial de l&#8217;Estat<\/span><\/a><span style=\"color: #0000ff;\"> &#8211; <\/span> <a href=\"http:\/\/www.certificateficienciaenergetica.net\/\"> <span style=\"color: #0000ff;\">www.certificateficienciaenergetica.net <\/span> <\/a><span style=\"color: #0000ff;\">&#8211; <\/span> <a href=\"http:\/\/www.apabcn.cat\/ca_es\/Pagines\/inici.aspx\"> <span style=\"color: #0000ff;\">Col\u00b7legi d\u2019Aparelladors, Arquitectes T\u00e8cnics i Enginyers d\u2019Edificaci\u00f3 de Barcelona<\/span><\/a>.<\/p>\n<p>Recordi que com m\u00e9s a\u00efllant \u00e9s la finestra (valor O) major estalvi energ\u00e8tic s&#8217;aconsegueix, per tant les nostres finestres i el nostre sistema de treball contribuiran notablement a l&#8217;obtenci\u00f3 d&#8217;una major certificaci\u00f3 per al seu habitatge o local.<\/p>\n","protected":false},"excerpt":{"rendered":"<p>Qu\u00e8 \u00e9s la certificaci\u00f3 energ\u00e8tica? Divendres passat el Govern central va aprovar finalment el reial decret sobre el procediment b\u00e0sic per a la certificaci\u00f3 energ\u00e8tica. A partir de l&#8217;1 de juny els pisos, locals comercials i oficines en venda o lloguer hauran de posseir un certificat energ\u00e8tic. Ser\u00e0 l&#8217;etiqueta que indicar\u00e0 el consum energ\u00e8tic. L&#8217;A [&hellip;]<\/p>\n","protected":false},"author":8,"featured_media":17230,"comment_status":"closed","ping_status":"open","sticky":false,"template":"","format":"standard","meta":{"_et_pb_use_builder":"","_et_pb_old_content":"","_et_gb_content_width":"","_monsterinsights_skip_tracking":false,"_monsterinsights_sitenote_active":false,"_monsterinsights_sitenote_note":"","_monsterinsights_sitenote_category":0,"footnotes":""},"categories":[68],"tags":[184,136],"class_list":["post-4647","post","type-post","status-publish","format-standard","has-post-thumbnail","hentry","category-eficiencia-energetica","tag-certificacio-energetica","tag-eficiencia-energetica"],"yoast_head":"<!-- This site is optimized with the Yoast SEO plugin v24.2 - https:\/\/yoast.com\/wordpress\/plugins\/seo\/ -->\n<title>Certificaci\u00f3 energ\u00e8tica \u2013 Finstral &#8211; Factoria Canabal<\/title>\n<meta name=\"description\" content=\"A partir del 1 de juny els pisos, locals comercials i oficines en venda o lloguer hauran de posseir certificaci\u00f3 energ\u00e8tica.\" \/>\n<meta name=\"robots\" content=\"index, follow, max-snippet:-1, max-image-preview:large, max-video-preview:-1\" \/>\n<link rel=\"canonical\" href=\"https:\/\/factoriacanabal.com\/certificacion-energetica-factoria-canabal\/\" \/>\n<meta property=\"og:locale\" content=\"ca_ES\" \/>\n<meta property=\"og:type\" content=\"article\" \/>\n<meta property=\"og:title\" content=\"Certificaci\u00f3 energ\u00e8tica \u2013 Finstral &#8211; Factoria Canabal\" \/>\n<meta property=\"og:description\" content=\"A partir del 1 de juny els pisos, locals comercials i oficines en venda o lloguer hauran de posseir certificaci\u00f3 energ\u00e8tica.\" \/>\n<meta property=\"og:url\" content=\"https:\/\/factoriacanabal.com\/certificacion-energetica-factoria-canabal\/\" \/>\n<meta property=\"og:site_name\" content=\"Factoria Canabal\" \/>\n<meta property=\"article:publisher\" content=\"https:\/\/www.facebook.com\/factoriacanabal\/\" \/>\n<meta property=\"article:published_time\" content=\"2013-04-19T08:23:02+00:00\" \/>\n<meta property=\"article:modified_time\" content=\"2021-07-14T11:47:59+00:00\" \/>\n<meta property=\"og:image\" content=\"https:\/\/factoriacanabal.com\/wp-content\/uploads\/2013\/04\/certificacion-energetica.png\" \/>\n\t<meta property=\"og:image:width\" content=\"1920\" \/>\n\t<meta property=\"og:image:height\" content=\"1490\" \/>\n\t<meta property=\"og:image:type\" content=\"image\/png\" \/>\n<meta name=\"author\" content=\"Factoria Canabal\" \/>\n<meta name=\"twitter:card\" content=\"summary_large_image\" \/>\n<meta name=\"twitter:creator\" content=\"@factoriacanabal\" \/>\n<meta name=\"twitter:site\" content=\"@factoriacanabal\" \/>\n<meta name=\"twitter:label1\" content=\"Escrit per\" \/>\n\t<meta name=\"twitter:data1\" content=\"Factoria Canabal\" \/>\n\t<meta name=\"twitter:label2\" content=\"Temps estimat de lectura\" \/>\n\t<meta name=\"twitter:data2\" content=\"2 minuts\" \/>\n<script type=\"application\/ld+json\" class=\"yoast-schema-graph\">{\"@context\":\"https:\/\/schema.org\",\"@graph\":[{\"@type\":\"Article\",\"@id\":\"https:\/\/factoriacanabal.com\/certificacion-energetica-factoria-canabal\/#article\",\"isPartOf\":{\"@id\":\"https:\/\/factoriacanabal.com\/certificacion-energetica-factoria-canabal\/\"},\"author\":{\"name\":\"Factoria Canabal\",\"@id\":\"https:\/\/factoriacanabal.com\/#\/schema\/person\/0aae024bd8639e72eee6505dab39afbe\"},\"headline\":\"Certificaci\u00f3 energ\u00e8tica \u2013 Finstral\",\"datePublished\":\"2013-04-19T08:23:02+00:00\",\"dateModified\":\"2021-07-14T11:47:59+00:00\",\"mainEntityOfPage\":{\"@id\":\"https:\/\/factoriacanabal.com\/certificacion-energetica-factoria-canabal\/\"},\"wordCount\":493,\"publisher\":{\"@id\":\"https:\/\/factoriacanabal.com\/#organization\"},\"image\":{\"@id\":\"https:\/\/factoriacanabal.com\/certificacion-energetica-factoria-canabal\/#primaryimage\"},\"thumbnailUrl\":\"https:\/\/factoriacanabal.com\/wp-content\/uploads\/2013\/04\/certificacion-energetica.png\",\"keywords\":[\"certificaci\u00f3 energ\u00e8tica\",\"efici\u00e8ncia energ\u00e8tica\"],\"articleSection\":[\"Efici\u00e8ncia energ\u00e8tica\"],\"inLanguage\":\"ca\"},{\"@type\":\"WebPage\",\"@id\":\"https:\/\/factoriacanabal.com\/certificacion-energetica-factoria-canabal\/\",\"url\":\"https:\/\/factoriacanabal.com\/certificacion-energetica-factoria-canabal\/\",\"name\":\"Certificaci\u00f3 energ\u00e8tica \u2013 Finstral &#8211; Factoria Canabal\",\"isPartOf\":{\"@id\":\"https:\/\/factoriacanabal.com\/#website\"},\"primaryImageOfPage\":{\"@id\":\"https:\/\/factoriacanabal.com\/certificacion-energetica-factoria-canabal\/#primaryimage\"},\"image\":{\"@id\":\"https:\/\/factoriacanabal.com\/certificacion-energetica-factoria-canabal\/#primaryimage\"},\"thumbnailUrl\":\"https:\/\/factoriacanabal.com\/wp-content\/uploads\/2013\/04\/certificacion-energetica.png\",\"datePublished\":\"2013-04-19T08:23:02+00:00\",\"dateModified\":\"2021-07-14T11:47:59+00:00\",\"description\":\"A partir del 1 de juny els pisos, locals comercials i oficines en venda o lloguer hauran de posseir certificaci\u00f3 energ\u00e8tica.\",\"breadcrumb\":{\"@id\":\"https:\/\/factoriacanabal.com\/certificacion-energetica-factoria-canabal\/#breadcrumb\"},\"inLanguage\":\"ca\",\"potentialAction\":[{\"@type\":\"ReadAction\",\"target\":[\"https:\/\/factoriacanabal.com\/certificacion-energetica-factoria-canabal\/\"]}]},{\"@type\":\"ImageObject\",\"inLanguage\":\"ca\",\"@id\":\"https:\/\/factoriacanabal.com\/certificacion-energetica-factoria-canabal\/#primaryimage\",\"url\":\"https:\/\/factoriacanabal.com\/wp-content\/uploads\/2013\/04\/certificacion-energetica.png\",\"contentUrl\":\"https:\/\/factoriacanabal.com\/wp-content\/uploads\/2013\/04\/certificacion-energetica.png\",\"width\":1920,\"height\":1490},{\"@type\":\"BreadcrumbList\",\"@id\":\"https:\/\/factoriacanabal.com\/certificacion-energetica-factoria-canabal\/#breadcrumb\",\"itemListElement\":[{\"@type\":\"ListItem\",\"position\":1,\"name\":\"Inici\",\"item\":\"https:\/\/factoriacanabal.com\/ca\/inici\/\"},{\"@type\":\"ListItem\",\"position\":2,\"name\":\"Certificaci\u00f3 energ\u00e8tica \u2013 Finstral\"}]},{\"@type\":\"WebSite\",\"@id\":\"https:\/\/factoriacanabal.com\/#website\",\"url\":\"https:\/\/factoriacanabal.com\/\",\"name\":\"Factoria Canabal\",\"description\":\"Finstral Partner Studio\",\"publisher\":{\"@id\":\"https:\/\/factoriacanabal.com\/#organization\"},\"potentialAction\":[{\"@type\":\"SearchAction\",\"target\":{\"@type\":\"EntryPoint\",\"urlTemplate\":\"https:\/\/factoriacanabal.com\/?s={search_term_string}\"},\"query-input\":{\"@type\":\"PropertyValueSpecification\",\"valueRequired\":true,\"valueName\":\"search_term_string\"}}],\"inLanguage\":\"ca\"},{\"@type\":\"Organization\",\"@id\":\"https:\/\/factoriacanabal.com\/#organization\",\"name\":\"Factoria Canabal\",\"url\":\"https:\/\/factoriacanabal.com\/\",\"logo\":{\"@type\":\"ImageObject\",\"inLanguage\":\"ca\",\"@id\":\"https:\/\/factoriacanabal.com\/#\/schema\/logo\/image\/\",\"url\":\"https:\/\/factoriacanabal.com\/wp-content\/uploads\/2018\/11\/logo_cabecera.jpg\",\"contentUrl\":\"https:\/\/factoriacanabal.com\/wp-content\/uploads\/2018\/11\/logo_cabecera.jpg\",\"width\":340,\"height\":156,\"caption\":\"Factoria Canabal\"},\"image\":{\"@id\":\"https:\/\/factoriacanabal.com\/#\/schema\/logo\/image\/\"},\"sameAs\":[\"https:\/\/www.facebook.com\/factoriacanabal\/\",\"https:\/\/x.com\/factoriacanabal\",\"https:\/\/www.youtube.com\/user\/Factoriavidres\"]},{\"@type\":\"Person\",\"@id\":\"https:\/\/factoriacanabal.com\/#\/schema\/person\/0aae024bd8639e72eee6505dab39afbe\",\"name\":\"Factoria Canabal\",\"url\":\"https:\/\/factoriacanabal.com\/ca\/author\/canabal\/\"}]}<\/script>\n<!-- \/ Yoast SEO plugin. -->","yoast_head_json":{"title":"Certificaci\u00f3 energ\u00e8tica \u2013 Finstral &#8211; Factoria Canabal","description":"A partir del 1 de juny els pisos, locals comercials i oficines en venda o lloguer hauran de posseir certificaci\u00f3 energ\u00e8tica.","robots":{"index":"index","follow":"follow","max-snippet":"max-snippet:-1","max-image-preview":"max-image-preview:large","max-video-preview":"max-video-preview:-1"},"canonical":"https:\/\/factoriacanabal.com\/certificacion-energetica-factoria-canabal\/","og_locale":"ca_ES","og_type":"article","og_title":"Certificaci\u00f3 energ\u00e8tica \u2013 Finstral &#8211; Factoria Canabal","og_description":"A partir del 1 de juny els pisos, locals comercials i oficines en venda o lloguer hauran de posseir certificaci\u00f3 energ\u00e8tica.","og_url":"https:\/\/factoriacanabal.com\/certificacion-energetica-factoria-canabal\/","og_site_name":"Factoria Canabal","article_publisher":"https:\/\/www.facebook.com\/factoriacanabal\/","article_published_time":"2013-04-19T08:23:02+00:00","article_modified_time":"2021-07-14T11:47:59+00:00","og_image":[{"width":1920,"height":1490,"url":"https:\/\/factoriacanabal.com\/wp-content\/uploads\/2013\/04\/certificacion-energetica.png","type":"image\/png"}],"author":"Factoria Canabal","twitter_card":"summary_large_image","twitter_creator":"@factoriacanabal","twitter_site":"@factoriacanabal","twitter_misc":{"Escrit per":"Factoria Canabal","Temps estimat de lectura":"2 minuts"},"schema":{"@context":"https:\/\/schema.org","@graph":[{"@type":"Article","@id":"https:\/\/factoriacanabal.com\/certificacion-energetica-factoria-canabal\/#article","isPartOf":{"@id":"https:\/\/factoriacanabal.com\/certificacion-energetica-factoria-canabal\/"},"author":{"name":"Factoria Canabal","@id":"https:\/\/factoriacanabal.com\/#\/schema\/person\/0aae024bd8639e72eee6505dab39afbe"},"headline":"Certificaci\u00f3 energ\u00e8tica \u2013 Finstral","datePublished":"2013-04-19T08:23:02+00:00","dateModified":"2021-07-14T11:47:59+00:00","mainEntityOfPage":{"@id":"https:\/\/factoriacanabal.com\/certificacion-energetica-factoria-canabal\/"},"wordCount":493,"publisher":{"@id":"https:\/\/factoriacanabal.com\/#organization"},"image":{"@id":"https:\/\/factoriacanabal.com\/certificacion-energetica-factoria-canabal\/#primaryimage"},"thumbnailUrl":"https:\/\/factoriacanabal.com\/wp-content\/uploads\/2013\/04\/certificacion-energetica.png","keywords":["certificaci\u00f3 energ\u00e8tica","efici\u00e8ncia energ\u00e8tica"],"articleSection":["Efici\u00e8ncia energ\u00e8tica"],"inLanguage":"ca"},{"@type":"WebPage","@id":"https:\/\/factoriacanabal.com\/certificacion-energetica-factoria-canabal\/","url":"https:\/\/factoriacanabal.com\/certificacion-energetica-factoria-canabal\/","name":"Certificaci\u00f3 energ\u00e8tica \u2013 Finstral &#8211; Factoria Canabal","isPartOf":{"@id":"https:\/\/factoriacanabal.com\/#website"},"primaryImageOfPage":{"@id":"https:\/\/factoriacanabal.com\/certificacion-energetica-factoria-canabal\/#primaryimage"},"image":{"@id":"https:\/\/factoriacanabal.com\/certificacion-energetica-factoria-canabal\/#primaryimage"},"thumbnailUrl":"https:\/\/factoriacanabal.com\/wp-content\/uploads\/2013\/04\/certificacion-energetica.png","datePublished":"2013-04-19T08:23:02+00:00","dateModified":"2021-07-14T11:47:59+00:00","description":"A partir del 1 de juny els pisos, locals comercials i oficines en venda o lloguer hauran de posseir certificaci\u00f3 energ\u00e8tica.","breadcrumb":{"@id":"https:\/\/factoriacanabal.com\/certificacion-energetica-factoria-canabal\/#breadcrumb"},"inLanguage":"ca","potentialAction":[{"@type":"ReadAction","target":["https:\/\/factoriacanabal.com\/certificacion-energetica-factoria-canabal\/"]}]},{"@type":"ImageObject","inLanguage":"ca","@id":"https:\/\/factoriacanabal.com\/certificacion-energetica-factoria-canabal\/#primaryimage","url":"https:\/\/factoriacanabal.com\/wp-content\/uploads\/2013\/04\/certificacion-energetica.png","contentUrl":"https:\/\/factoriacanabal.com\/wp-content\/uploads\/2013\/04\/certificacion-energetica.png","width":1920,"height":1490},{"@type":"BreadcrumbList","@id":"https:\/\/factoriacanabal.com\/certificacion-energetica-factoria-canabal\/#breadcrumb","itemListElement":[{"@type":"ListItem","position":1,"name":"Inici","item":"https:\/\/factoriacanabal.com\/ca\/inici\/"},{"@type":"ListItem","position":2,"name":"Certificaci\u00f3 energ\u00e8tica \u2013 Finstral"}]},{"@type":"WebSite","@id":"https:\/\/factoriacanabal.com\/#website","url":"https:\/\/factoriacanabal.com\/","name":"Factoria Canabal","description":"Finstral Partner Studio","publisher":{"@id":"https:\/\/factoriacanabal.com\/#organization"},"potentialAction":[{"@type":"SearchAction","target":{"@type":"EntryPoint","urlTemplate":"https:\/\/factoriacanabal.com\/?s={search_term_string}"},"query-input":{"@type":"PropertyValueSpecification","valueRequired":true,"valueName":"search_term_string"}}],"inLanguage":"ca"},{"@type":"Organization","@id":"https:\/\/factoriacanabal.com\/#organization","name":"Factoria Canabal","url":"https:\/\/factoriacanabal.com\/","logo":{"@type":"ImageObject","inLanguage":"ca","@id":"https:\/\/factoriacanabal.com\/#\/schema\/logo\/image\/","url":"https:\/\/factoriacanabal.com\/wp-content\/uploads\/2018\/11\/logo_cabecera.jpg","contentUrl":"https:\/\/factoriacanabal.com\/wp-content\/uploads\/2018\/11\/logo_cabecera.jpg","width":340,"height":156,"caption":"Factoria Canabal"},"image":{"@id":"https:\/\/factoriacanabal.com\/#\/schema\/logo\/image\/"},"sameAs":["https:\/\/www.facebook.com\/factoriacanabal\/","https:\/\/x.com\/factoriacanabal","https:\/\/www.youtube.com\/user\/Factoriavidres"]},{"@type":"Person","@id":"https:\/\/factoriacanabal.com\/#\/schema\/person\/0aae024bd8639e72eee6505dab39afbe","name":"Factoria Canabal","url":"https:\/\/factoriacanabal.com\/ca\/author\/canabal\/"}]}},"_links":{"self":[{"href":"https:\/\/factoriacanabal.com\/ca\/wp-json\/wp\/v2\/posts\/4647"}],"collection":[{"href":"https:\/\/factoriacanabal.com\/ca\/wp-json\/wp\/v2\/posts"}],"about":[{"href":"https:\/\/factoriacanabal.com\/ca\/wp-json\/wp\/v2\/types\/post"}],"author":[{"embeddable":true,"href":"https:\/\/factoriacanabal.com\/ca\/wp-json\/wp\/v2\/users\/8"}],"replies":[{"embeddable":true,"href":"https:\/\/factoriacanabal.com\/ca\/wp-json\/wp\/v2\/comments?post=4647"}],"version-history":[{"count":8,"href":"https:\/\/factoriacanabal.com\/ca\/wp-json\/wp\/v2\/posts\/4647\/revisions"}],"predecessor-version":[{"id":18849,"href":"https:\/\/factoriacanabal.com\/ca\/wp-json\/wp\/v2\/posts\/4647\/revisions\/18849"}],"wp:featuredmedia":[{"embeddable":true,"href":"https:\/\/factoriacanabal.com\/ca\/wp-json\/wp\/v2\/media\/17230"}],"wp:attachment":[{"href":"https:\/\/factoriacanabal.com\/ca\/wp-json\/wp\/v2\/media?parent=4647"}],"wp:term":[{"taxonomy":"category","embeddable":true,"href":"https:\/\/factoriacanabal.com\/ca\/wp-json\/wp\/v2\/categories?post=4647"},{"taxonomy":"post_tag","embeddable":true,"href":"https:\/\/factoriacanabal.com\/ca\/wp-json\/wp\/v2\/tags?post=4647"}],"curies":[{"name":"wp","href":"https:\/\/api.w.org\/{rel}","templated":true}]}}